{"id":14038,"date":"2024-10-17T18:17:13","date_gmt":"2024-10-17T21:17:13","guid":{"rendered":"https:\/\/univinte.edu.br\/portal\/?p=14038"},"modified":"2024-10-17T21:37:57","modified_gmt":"2024-10-18T00:37:57","slug":"programa-saude-do-escolar-fonoaudiologia","status":"publish","type":"post","link":"https:\/\/univinte.edu.br\/portal\/programa-saude-do-escolar-fonoaudiologia\/","title":{"rendered":"Programa: Sa\u00fade do Escolar &#8211; Fonoaudiologia"},"content":{"rendered":"\n<p>Atrav\u00e9s do Programa: Sa\u00fade do Escolar, os acad\u00eamicos do Curso de Fonoaudiologia do Centro Universit\u00e1rio Univinte, iniciaram sob a supervis\u00e3o da Prof. Rosane Barreto, nesta quinta-feira dia 17\/10\/24, o projeto de extens\u00e3o que visa beneficiar tanto os alunos do 3\u00ba ano do Ensino Fundamental, neste dia da EMEB Jo\u00e3o Paulo I,  quanto os acad\u00eamicos, proporcionando uma experi\u00eancia pr\u00e1tica e interdisciplinar, al\u00e9m de contribuir para a promo\u00e7\u00e3o da sa\u00fade do escolar relacionadas as compet\u00eancias para o desenvolvimento de linguagem.<\/p>\n\n\n\n<p><br>O projeto prop\u00f5e-se a realizar a coleta de amostra de fala para o levantamento do invent\u00e1rio fonol\u00f3gico, modelo Yavas, de crian\u00e7as escolares, visto que o conhecimento fonol\u00f3gico, que envolve a compreens\u00e3o dos sons da l\u00edngua, \u00e9 fundamental para a aquisi\u00e7\u00e3o da leitura e escrita; alem disso o invent\u00e1rio fonol\u00f3gico Yavas permite avaliar habilidades fonol\u00f3gicas espec\u00edficas e identificar poss\u00edveis dificuldades nessa \u00e1rea.<\/p>\n\n\n\n<p><br>Em resumo, o projeto visa agregar na qualidade da educa\u00e7\u00e3o que a escola vislumbra e fortalecer a rela\u00e7\u00e3o entre a universidade e a comunidade escolar, buscando beneficiar tanto os alunos contemplados quanto os profissionais envolvidos<\/p>\n","protected":false},"excerpt":{"rendered":"<p>Atrav\u00e9s do Programa: Sa\u00fade do Escolar, os acad\u00eamicos do Curso de Fonoaudiologia do Centro Universit\u00e1rio Univinte, iniciaram sob a supervis\u00e3o da Prof. Rosane Barreto, nesta quinta-feira dia 17\/10\/24, o projeto de extens\u00e3o que visa beneficiar tanto os alunos do 3\u00ba ano do Ensino Fundamental, neste dia da EMEB Jo\u00e3o Paulo I, quanto os acad\u00eamicos, proporcionando [&hellip;]<\/p>\n","protected":false},"author":2,"featured_media":14041,"comment_status":"open","ping_status":"open","sticky":false,"template":"","format":"standard","meta":{"site-sidebar-layout":"default","site-content-layout":"","ast-site-content-layout":"default","site-content-style":"default","site-sidebar-style":"default","ast-global-header-display":"","ast-banner-title-visibility":"","ast-main-header-display":"","ast-hfb-above-header-display":"","ast-hfb-below-header-display":"","ast-hfb-mobile-header-display":"","site-post-title":"","ast-breadcrumbs-content":"","ast-featured-img":"","footer-sml-layout":"","ast-disable-related-posts":"","theme-transparent-header-meta":"","adv-header-id-meta":"","stick-header-meta":"","header-above-stick-meta":"","header-main-stick-meta":"","header-below-stick-meta":"","astra-migrate-meta-layouts":"set","ast-page-background-enabled":"default","ast-page-background-meta":{"desktop":{"background-color":"var(--ast-global-color-4)","background-image":"","background-repeat":"repeat","background-position":"center center","background-size":"auto","background-attachment":"scroll","background-type":"","background-media":"","overlay-type":"","overlay-color":"","overlay-opacity":"","overlay-gradient":""},"tablet":{"background-color":"","background-image":"","background-repeat":"repeat","background-position":"center center","background-size":"auto","background-attachment":"scroll","background-type":"","background-media":"","overlay-type":"","overlay-color":"","overlay-opacity":"","overlay-gradient":""},"mobile":{"background-color":"","background-image":"","background-repeat":"repeat","background-position":"center center","background-size":"auto","background-attachment":"scroll","background-type":"","background-media":"","overlay-type":"","overlay-color":"","overlay-opacity":"","overlay-gradient":""}},"ast-content-background-meta":{"desktop":{"background-color":"var(--ast-global-color-5)","background-image":"","background-repeat":"repeat","background-position":"center center","background-size":"auto","background-attachment":"scroll","background-type":"","background-media":"","overlay-type":"","overlay-color":"","overlay-opacity":"","overlay-gradient":""},"tablet":{"background-color":"var(--ast-global-color-5)","background-image":"","background-repeat":"repeat","background-position":"center center","background-size":"auto","background-attachment":"scroll","background-type":"","background-media":"","overlay-type":"","overlay-color":"","overlay-opacity":"","overlay-gradient":""},"mobile":{"background-color":"var(--ast-global-color-5)","background-image":"","background-repeat":"repeat","background-position":"center center","background-size":"auto","background-attachment":"scroll","background-type":"","background-media":"","overlay-type":"","overlay-color":"","overlay-opacity":"","overlay-gradient":""}},"ngg_post_thumbnail":0,"footnotes":""},"categories":[5],"tags":[],"class_list":["post-14038","post","type-post","status-publish","format-standard","has-post-thumbnail","hentry","category-noticia"],"rttpg_featured_image_url":{"full":["https:\/\/univinte.edu.br\/portal\/wp-content\/uploads\/2024\/10\/FONO-9.jpeg",1280,960,false],"landscape":["https:\/\/univinte.edu.br\/portal\/wp-content\/uploads\/2024\/10\/FONO-9.jpeg",1280,960,false],"portraits":["https:\/\/univinte.edu.br\/portal\/wp-content\/uploads\/2024\/10\/FONO-9.jpeg",1280,960,false],"thumbnail":["https:\/\/univinte.edu.br\/portal\/wp-content\/uploads\/2024\/10\/FONO-9-150x150.jpeg",150,150,true],"medium":["https:\/\/univinte.edu.br\/portal\/wp-content\/uploads\/2024\/10\/FONO-9-300x225.jpeg",300,225,true],"large":["https:\/\/univinte.edu.br\/portal\/wp-content\/uploads\/2024\/10\/FONO-9-1024x768.jpeg",1024,768,true],"1536x1536":["https:\/\/univinte.edu.br\/portal\/wp-content\/uploads\/2024\/10\/FONO-9.jpeg",1280,960,false],"2048x2048":["https:\/\/univinte.edu.br\/portal\/wp-content\/uploads\/2024\/10\/FONO-9.jpeg",1280,960,false]},"rttpg_author":{"display_name":"Katruy Assun\u00e7\u00e3o","author_link":"https:\/\/univinte.edu.br\/portal\/author\/katruy\/"},"rttpg_comment":1,"rttpg_category":"<a href=\"https:\/\/univinte.edu.br\/portal\/category\/noticia\/\" rel=\"category tag\">Not\u00edcias<\/a>","rttpg_excerpt":"Atrav\u00e9s do Programa: Sa\u00fade do Escolar, os acad\u00eamicos do Curso de Fonoaudiologia do Centro Universit\u00e1rio Univinte, iniciaram sob a supervis\u00e3o da Prof. Rosane Barreto, nesta quinta-feira dia 17\/10\/24, o projeto de extens\u00e3o que visa beneficiar tanto os alunos do 3\u00ba ano do Ensino Fundamental, neste dia da EMEB Jo\u00e3o Paulo I, quanto os acad\u00eamicos, proporcionando&hellip;","_links":{"self":[{"href":"https:\/\/univinte.edu.br\/portal\/wp-json\/wp\/v2\/posts\/14038","targetHints":{"allow":["GET"]}}],"collection":[{"href":"https:\/\/univinte.edu.br\/portal\/wp-json\/wp\/v2\/posts"}],"about":[{"href":"https:\/\/univinte.edu.br\/portal\/wp-json\/wp\/v2\/types\/post"}],"author":[{"embeddable":true,"href":"https:\/\/univinte.edu.br\/portal\/wp-json\/wp\/v2\/users\/2"}],"replies":[{"embeddable":true,"href":"https:\/\/univinte.edu.br\/portal\/wp-json\/wp\/v2\/comments?post=14038"}],"version-history":[{"count":1,"href":"https:\/\/univinte.edu.br\/portal\/wp-json\/wp\/v2\/posts\/14038\/revisions"}],"predecessor-version":[{"id":14042,"href":"https:\/\/univinte.edu.br\/portal\/wp-json\/wp\/v2\/posts\/14038\/revisions\/14042"}],"wp:featuredmedia":[{"embeddable":true,"href":"https:\/\/univinte.edu.br\/portal\/wp-json\/wp\/v2\/media\/14041"}],"wp:attachment":[{"href":"https:\/\/univinte.edu.br\/portal\/wp-json\/wp\/v2\/media?parent=14038"}],"wp:term":[{"taxonomy":"category","embeddable":true,"href":"https:\/\/univinte.edu.br\/portal\/wp-json\/wp\/v2\/categories?post=14038"},{"taxonomy":"post_tag","embeddable":true,"href":"https:\/\/univinte.edu.br\/portal\/wp-json\/wp\/v2\/tags?post=14038"}],"curies":[{"name":"wp","href":"https:\/\/api.w.org\/{rel}","templated":true}]}}