{"id":14641,"date":"2025-02-18T16:21:00","date_gmt":"2025-02-18T19:21:00","guid":{"rendered":"https:\/\/univinte.edu.br\/portal\/?p=14641"},"modified":"2025-02-19T16:25:00","modified_gmt":"2025-02-19T19:25:00","slug":"instituto-fucap-esta-com-novo-projeto-social","status":"publish","type":"post","link":"https:\/\/univinte.edu.br\/portal\/instituto-fucap-esta-com-novo-projeto-social\/","title":{"rendered":"Instituto FUCAP est\u00e1 com novo projeto social"},"content":{"rendered":"\n<p><\/p>\n\n\n\n<p>O Instituto FUCAP, localizado em Capivari de Baixo e que faz parte do Centro Universit\u00e1rio UNIVINTE \u2013 FUCAP, abrange v\u00e1rios projetos que visam apoiar desde as prefeituras nas \u00e1reas de governan\u00e7a, como tamb\u00e9m dar aten\u00e7\u00e3o \u00e0 comunidade com atividades sociais.<\/p>\n\n\n\n<p>Atualmente o projeto <strong>Horizonte Vocacional<\/strong> est\u00e1 em execu\u00e7\u00e3o e com inscri\u00e7\u00f5es abertas. O objetivo do projeto \u00e9 direcionar a perspectiva profissional do adolescente e tem como p\u00fablico-alvo, jovens de 15 a 17 anos. A inscri\u00e7\u00e3o segue aberta at\u00e9 a sexta-feira (21) e podem ser feitas <a href=\"https:\/\/docs.google.com\/forms\/d\/1kHAAIS-gQSK4i3LNCf9FHZhKp9vPmxdYcLNEIlVrnY0\/viewform?edit_requested=true\">clicando aqui<\/a>ou presencialmente na sede em Capivari de Baixo, no bairro Santo Andr\u00e9.<\/p>\n\n\n\n<p>O projeto \u00e9 aprovado pelo Conselho da Crian\u00e7a e do Adolescente do Estado de Santa Catarina e \u00e9 financiado com recursos do Fundo para a Inf\u00e2ncia e Adolesc\u00eancia (FIA).<\/p>\n\n\n\n<p>Esse \u00e9 um repost da p\u00e1gina oficial: <a href=\"https:\/\/sctd.com.br\/cotidiano\/instituto-fucap-esta-com-novo-projeto-social\/\">https:\/\/sctd.com.br\/cotidiano\/instituto-fucap-esta-com-novo-projeto-social\/<\/a><\/p>\n\n\n\n<p><\/p>\n","protected":false},"excerpt":{"rendered":"<p>O Instituto FUCAP, localizado em Capivari de Baixo e que faz parte do Centro Universit\u00e1rio UNIVINTE \u2013 FUCAP, abrange v\u00e1rios projetos que visam apoiar desde as prefeituras nas \u00e1reas de governan\u00e7a, como tamb\u00e9m dar aten\u00e7\u00e3o \u00e0 comunidade com atividades sociais. Atualmente o projeto Horizonte Vocacional est\u00e1 em execu\u00e7\u00e3o e com inscri\u00e7\u00f5es abertas. O objetivo do [&hellip;]<\/p>\n","protected":false},"author":2,"featured_media":14644,"comment_status":"open","ping_status":"open","sticky":false,"template":"","format":"standard","meta":{"site-sidebar-layout":"default","site-content-layout":"","ast-site-content-layout":"default","site-content-style":"default","site-sidebar-style":"default","ast-global-header-display":"","ast-banner-title-visibility":"","ast-main-header-display":"","ast-hfb-above-header-display":"","ast-hfb-below-header-display":"","ast-hfb-mobile-header-display":"","site-post-title":"","ast-breadcrumbs-content":"","ast-featured-img":"","footer-sml-layout":"","ast-disable-related-posts":"","theme-transparent-header-meta":"","adv-header-id-meta":"","stick-header-meta":"","header-above-stick-meta":"","header-main-stick-meta":"","header-below-stick-meta":"","astra-migrate-meta-layouts":"set","ast-page-background-enabled":"default","ast-page-background-meta":{"desktop":{"background-color":"var(--ast-global-color-4)","background-image":"","background-repeat":"repeat","background-position":"center center","background-size":"auto","background-attachment":"scroll","background-type":"","background-media":"","overlay-type":"","overlay-color":"","overlay-opacity":"","overlay-gradient":""},"tablet":{"background-color":"","background-image":"","background-repeat":"repeat","background-position":"center center","background-size":"auto","background-attachment":"scroll","background-type":"","background-media":"","overlay-type":"","overlay-color":"","overlay-opacity":"","overlay-gradient":""},"mobile":{"background-color":"","background-image":"","background-repeat":"repeat","background-position":"center center","background-size":"auto","background-attachment":"scroll","background-type":"","background-media":"","overlay-type":"","overlay-color":"","overlay-opacity":"","overlay-gradient":""}},"ast-content-background-meta":{"desktop":{"background-color":"var(--ast-global-color-5)","background-image":"","background-repeat":"repeat","background-position":"center center","background-size":"auto","background-attachment":"scroll","background-type":"","background-media":"","overlay-type":"","overlay-color":"","overlay-opacity":"","overlay-gradient":""},"tablet":{"background-color":"var(--ast-global-color-5)","background-image":"","background-repeat":"repeat","background-position":"center center","background-size":"auto","background-attachment":"scroll","background-type":"","background-media":"","overlay-type":"","overlay-color":"","overlay-opacity":"","overlay-gradient":""},"mobile":{"background-color":"var(--ast-global-color-5)","background-image":"","background-repeat":"repeat","background-position":"center center","background-size":"auto","background-attachment":"scroll","background-type":"","background-media":"","overlay-type":"","overlay-color":"","overlay-opacity":"","overlay-gradient":""}},"ngg_post_thumbnail":0,"footnotes":""},"categories":[5],"tags":[9],"class_list":["post-14641","post","type-post","status-publish","format-standard","has-post-thumbnail","hentry","category-noticia","tag-fucap"],"rttpg_featured_image_url":{"full":["https:\/\/univinte.edu.br\/portal\/wp-content\/uploads\/2025\/02\/dadsa.webp",1480,980,false],"landscape":["https:\/\/univinte.edu.br\/portal\/wp-content\/uploads\/2025\/02\/dadsa.webp",1480,980,false],"portraits":["https:\/\/univinte.edu.br\/portal\/wp-content\/uploads\/2025\/02\/dadsa.webp",1480,980,false],"thumbnail":["https:\/\/univinte.edu.br\/portal\/wp-content\/uploads\/2025\/02\/dadsa-150x150.webp",150,150,true],"medium":["https:\/\/univinte.edu.br\/portal\/wp-content\/uploads\/2025\/02\/dadsa-300x199.webp",300,199,true],"large":["https:\/\/univinte.edu.br\/portal\/wp-content\/uploads\/2025\/02\/dadsa-1024x678.webp",1024,678,true],"1536x1536":["https:\/\/univinte.edu.br\/portal\/wp-content\/uploads\/2025\/02\/dadsa.webp",1480,980,false],"2048x2048":["https:\/\/univinte.edu.br\/portal\/wp-content\/uploads\/2025\/02\/dadsa.webp",1480,980,false]},"rttpg_author":{"display_name":"Katruy Assun\u00e7\u00e3o","author_link":"https:\/\/univinte.edu.br\/portal\/author\/katruy\/"},"rttpg_comment":1,"rttpg_category":"<a href=\"https:\/\/univinte.edu.br\/portal\/category\/noticia\/\" rel=\"category tag\">Not\u00edcias<\/a>","rttpg_excerpt":"O Instituto FUCAP, localizado em Capivari de Baixo e que faz parte do Centro Universit\u00e1rio UNIVINTE \u2013 FUCAP, abrange v\u00e1rios projetos que visam apoiar desde as prefeituras nas \u00e1reas de governan\u00e7a, como tamb\u00e9m dar aten\u00e7\u00e3o \u00e0 comunidade com atividades sociais. Atualmente o projeto Horizonte Vocacional est\u00e1 em execu\u00e7\u00e3o e com inscri\u00e7\u00f5es abertas. O objetivo do&hellip;","_links":{"self":[{"href":"https:\/\/univinte.edu.br\/portal\/wp-json\/wp\/v2\/posts\/14641","targetHints":{"allow":["GET"]}}],"collection":[{"href":"https:\/\/univinte.edu.br\/portal\/wp-json\/wp\/v2\/posts"}],"about":[{"href":"https:\/\/univinte.edu.br\/portal\/wp-json\/wp\/v2\/types\/post"}],"author":[{"embeddable":true,"href":"https:\/\/univinte.edu.br\/portal\/wp-json\/wp\/v2\/users\/2"}],"replies":[{"embeddable":true,"href":"https:\/\/univinte.edu.br\/portal\/wp-json\/wp\/v2\/comments?post=14641"}],"version-history":[{"count":1,"href":"https:\/\/univinte.edu.br\/portal\/wp-json\/wp\/v2\/posts\/14641\/revisions"}],"predecessor-version":[{"id":14645,"href":"https:\/\/univinte.edu.br\/portal\/wp-json\/wp\/v2\/posts\/14641\/revisions\/14645"}],"wp:featuredmedia":[{"embeddable":true,"href":"https:\/\/univinte.edu.br\/portal\/wp-json\/wp\/v2\/media\/14644"}],"wp:attachment":[{"href":"https:\/\/univinte.edu.br\/portal\/wp-json\/wp\/v2\/media?parent=14641"}],"wp:term":[{"taxonomy":"category","embeddable":true,"href":"https:\/\/univinte.edu.br\/portal\/wp-json\/wp\/v2\/categories?post=14641"},{"taxonomy":"post_tag","embeddable":true,"href":"https:\/\/univinte.edu.br\/portal\/wp-json\/wp\/v2\/tags?post=14641"}],"curies":[{"name":"wp","href":"https:\/\/api.w.org\/{rel}","templated":true}]}}