{"id":2227,"date":"2019-02-27T00:27:18","date_gmt":"2019-02-27T03:27:18","guid":{"rendered":"http:\/\/univinte.edu.br\/portal\/index.php\/2019\/02\/27\/nota-de-esclarecimento\/"},"modified":"2019-02-27T00:27:18","modified_gmt":"2019-02-27T03:27:18","slug":"nota-de-esclarecimento","status":"publish","type":"post","link":"https:\/\/univinte.edu.br\/portal\/nota-de-esclarecimento\/","title":{"rendered":"Nota de Esclarecimento"},"content":{"rendered":"<p>Informamos por meio deste que, em virtude do abandono feito pela nossa parceira educacional, e a consequente \\&#8221;venda de alunos\\&#8221; para uma empresa de outra regi\u00e3o sem consentimento do Diretor Geral, Expedito Michels, a FUCAP recebe autoriza\u00e7\u00e3o do MEC para abrir seu pr\u00f3prio EAD. Inicialmente, estar\u00e3o dispon\u00edveis os cursos de Pedagogia e Processos Gerenciais, e em breve ser\u00e3o abertos os demais cursos.<br \/>\n\u2800\u2800\u2800\u2800\u2800\u2800\u2800\u2800\u2800\u2800\u2800\u2800\u2800\u2800\u2800\u2800\u2800\u2800\u2800\u2800\u2800\u2800\u2800\u2800\u2800\u2800\u2800\u2800\u2800\u2800<br \/>\nAs rematr\u00edculas est\u00e3o abertas, garantindo a oportunidade de continuar estudando na FUCAP e contando com uma estrutura adequada, estacionamento amplo e a dedica\u00e7\u00e3o que temos com nossos alunos.<br \/>\n\u2800\u2800\u2800\u2800\u2800\u2800\u2800\u2800\u2800\u2800\u2800\u2800\u2800\u2800\u2800\u2800\u2800\u2800\u2800\u2800\u2800\u2800\u2800\u2800\u2800\u2800\u2800\u2800\u2800\u2800<br \/>\nLembrando sempre que escolher a faculdade \u00e9 um direito seu.<br \/>\n\u2800\u2800\u2800\u2800\u2800\u2800\u2800\u2800\u2800\u2800\u2800\u2800\u2800\u2800\u2800\u2800\u2800\u2800\u2800\u2800\u2800\u2800\u2800\u2800\u2800\u2800\u2800\u2800\u2800\u2800<br \/>\nFUCAP &#8211; Ensino Universit\u00e1rio de Qualidade.<\/p>\n","protected":false},"excerpt":{"rendered":"<p>Informamos por meio deste que, em virtude do abandono feito pela nossa parceira educacional, e a consequente \\&#8221;venda de alunos\\&#8221; para uma empresa de outra regi\u00e3o sem consentimento do Diretor Geral, Expedito Michels, a FUCAP recebe autoriza\u00e7\u00e3o do MEC para abrir seu pr\u00f3prio EAD. Inicialmente, estar\u00e3o dispon\u00edveis os cursos de Pedagogia e Processos Gerenciais, e [&hellip;]<\/p>\n","protected":false},"author":1,"featured_media":2228,"comment_status":"closed","ping_status":"open","sticky":false,"template":"","format":"standard","meta":{"site-sidebar-layout":"default","site-content-layout":"","ast-site-content-layout":"default","site-content-style":"default","site-sidebar-style":"default","ast-global-header-display":"","ast-banner-title-visibility":"","ast-main-header-display":"","ast-hfb-above-header-display":"","ast-hfb-below-header-display":"","ast-hfb-mobile-header-display":"","site-post-title":"","ast-breadcrumbs-content":"","ast-featured-img":"","footer-sml-layout":"","ast-disable-related-posts":"","theme-transparent-header-meta":"","adv-header-id-meta":"","stick-header-meta":"","header-above-stick-meta":"","header-main-stick-meta":"","header-below-stick-meta":"","astra-migrate-meta-layouts":"default","ast-page-background-enabled":"default","ast-page-background-meta":{"desktop":{"background-color":"var(--ast-global-color-4)","background-image":"","background-repeat":"repeat","background-position":"center center","background-size":"auto","background-attachment":"scroll","background-type":"","background-media":"","overlay-type":"","overlay-color":"","overlay-opacity":"","overlay-gradient":""},"tablet":{"background-color":"","background-image":"","background-repeat":"repeat","background-position":"center center","background-size":"auto","background-attachment":"scroll","background-type":"","background-media":"","overlay-type":"","overlay-color":"","overlay-opacity":"","overlay-gradient":""},"mobile":{"background-color":"","background-image":"","background-repeat":"repeat","background-position":"center center","background-size":"auto","background-attachment":"scroll","background-type":"","background-media":"","overlay-type":"","overlay-color":"","overlay-opacity":"","overlay-gradient":""}},"ast-content-background-meta":{"desktop":{"background-color":"var(--ast-global-color-5)","background-image":"","background-repeat":"repeat","background-position":"center center","background-size":"auto","background-attachment":"scroll","background-type":"","background-media":"","overlay-type":"","overlay-color":"","overlay-opacity":"","overlay-gradient":""},"tablet":{"background-color":"var(--ast-global-color-5)","background-image":"","background-repeat":"repeat","background-position":"center center","background-size":"auto","background-attachment":"scroll","background-type":"","background-media":"","overlay-type":"","overlay-color":"","overlay-opacity":"","overlay-gradient":""},"mobile":{"background-color":"var(--ast-global-color-5)","background-image":"","background-repeat":"repeat","background-position":"center center","background-size":"auto","background-attachment":"scroll","background-type":"","background-media":"","overlay-type":"","overlay-color":"","overlay-opacity":"","overlay-gradient":""}},"ngg_post_thumbnail":0,"footnotes":""},"categories":[5],"tags":[],"class_list":["post-2227","post","type-post","status-publish","format-standard","has-post-thumbnail","hentry","category-noticia"],"rttpg_featured_image_url":{"full":["https:\/\/univinte.edu.br\/portal\/wp-content\/uploads\/2019\/04\/930d68883beced58095afa90a16fdf99.png",650,390,false],"landscape":["https:\/\/univinte.edu.br\/portal\/wp-content\/uploads\/2019\/04\/930d68883beced58095afa90a16fdf99.png",650,390,false],"portraits":["https:\/\/univinte.edu.br\/portal\/wp-content\/uploads\/2019\/04\/930d68883beced58095afa90a16fdf99.png",650,390,false],"thumbnail":["https:\/\/univinte.edu.br\/portal\/wp-content\/uploads\/2019\/04\/930d68883beced58095afa90a16fdf99-150x150.png",150,150,true],"medium":["https:\/\/univinte.edu.br\/portal\/wp-content\/uploads\/2019\/04\/930d68883beced58095afa90a16fdf99-300x180.png",300,180,true],"large":["https:\/\/univinte.edu.br\/portal\/wp-content\/uploads\/2019\/04\/930d68883beced58095afa90a16fdf99.png",650,390,false],"1536x1536":["https:\/\/univinte.edu.br\/portal\/wp-content\/uploads\/2019\/04\/930d68883beced58095afa90a16fdf99.png",650,390,false],"2048x2048":["https:\/\/univinte.edu.br\/portal\/wp-content\/uploads\/2019\/04\/930d68883beced58095afa90a16fdf99.png",650,390,false]},"rttpg_author":{"display_name":"contato","author_link":"https:\/\/univinte.edu.br\/portal\/author\/contato\/"},"rttpg_comment":0,"rttpg_category":"<a href=\"https:\/\/univinte.edu.br\/portal\/category\/noticia\/\" rel=\"category tag\">Not\u00edcias<\/a>","rttpg_excerpt":"Informamos por meio deste que, em virtude do abandono feito pela nossa parceira educacional, e a consequente \\&#8221;venda de alunos\\&#8221; para uma empresa de outra regi\u00e3o sem consentimento do Diretor Geral, Expedito Michels, a FUCAP recebe autoriza\u00e7\u00e3o do MEC para abrir seu pr\u00f3prio EAD. Inicialmente, estar\u00e3o dispon\u00edveis os cursos de Pedagogia e Processos Gerenciais, e&hellip;","_links":{"self":[{"href":"https:\/\/univinte.edu.br\/portal\/wp-json\/wp\/v2\/posts\/2227","targetHints":{"allow":["GET"]}}],"collection":[{"href":"https:\/\/univinte.edu.br\/portal\/wp-json\/wp\/v2\/posts"}],"about":[{"href":"https:\/\/univinte.edu.br\/portal\/wp-json\/wp\/v2\/types\/post"}],"author":[{"embeddable":true,"href":"https:\/\/univinte.edu.br\/portal\/wp-json\/wp\/v2\/users\/1"}],"replies":[{"embeddable":true,"href":"https:\/\/univinte.edu.br\/portal\/wp-json\/wp\/v2\/comments?post=2227"}],"version-history":[{"count":0,"href":"https:\/\/univinte.edu.br\/portal\/wp-json\/wp\/v2\/posts\/2227\/revisions"}],"wp:featuredmedia":[{"embeddable":true,"href":"https:\/\/univinte.edu.br\/portal\/wp-json\/wp\/v2\/media\/2228"}],"wp:attachment":[{"href":"https:\/\/univinte.edu.br\/portal\/wp-json\/wp\/v2\/media?parent=2227"}],"wp:term":[{"taxonomy":"category","embeddable":true,"href":"https:\/\/univinte.edu.br\/portal\/wp-json\/wp\/v2\/categories?post=2227"},{"taxonomy":"post_tag","embeddable":true,"href":"https:\/\/univinte.edu.br\/portal\/wp-json\/wp\/v2\/tags?post=2227"}],"curies":[{"name":"wp","href":"https:\/\/api.w.org\/{rel}","templated":true}]}}