{"id":3698,"date":"2019-06-28T07:37:27","date_gmt":"2019-06-28T10:37:27","guid":{"rendered":"http:\/\/univinte.edu.br\/portal\/index.php\/2019\/06\/28\/lista-de-aprovados-no-vestibular-2019-2\/"},"modified":"2019-06-28T07:37:27","modified_gmt":"2019-06-28T10:37:27","slug":"lista-de-aprovados-no-vestibular-2019-2","status":"publish","type":"post","link":"https:\/\/univinte.edu.br\/portal\/lista-de-aprovados-no-vestibular-2019-2\/","title":{"rendered":"Lista de Aprovados no Vestibular 2019\/2"},"content":{"rendered":"<p style=\\\"text-align: center;\\\"><strong>CURSO DE ADMINISTRA\u00c7\u00c3O<\/strong><\/p>\n<p style=\\\"text-align: center;\\\"><strong>\u00a0Vestibular Agendado: 1\u00aa chamada*<\/strong><\/p>\n<table width=\\\"419\\\">\n<tbody>\n<tr>\n<td width=\\\"419\\\">\n<p style=\\\"text-align: left;\\\">ALICE ROSA GARCIA MACHADO<\/p>\n<\/td>\n<\/tr>\n<tr>\n<td width=\\\"419\\\">BEATRIZ ANDRADE MARCILIO<\/td>\n<\/tr>\n<tr>\n<td width=\\\"419\\\">ERICK DA ROSA DA SILVA<\/td>\n<\/tr>\n<tr>\n<td width=\\\"419\\\">FABRICIO WESTPHAL ROSA<\/td>\n<\/tr>\n<tr>\n<td width=\\\"419\\\">ISADORA MENDES DE PAULA<\/td>\n<\/tr>\n<tr>\n<td width=\\\"419\\\">JANGELTON CERQUEIRA CARDOSO<\/td>\n<\/tr>\n<tr>\n<td width=\\\"419\\\">LAURA HELENA CAETANO DE OLIVEIRA<\/td>\n<\/tr>\n<tr>\n<td width=\\\"419\\\">NATYELLY DE MORAIS DUARTE<\/td>\n<\/tr>\n<tr>\n<td width=\\\"419\\\">PEDRO HENRIQUE DE SOUZA<\/td>\n<\/tr>\n<tr>\n<td width=\\\"419\\\">TAMIRES CARDOSO COSTA<\/td>\n<\/tr>\n<tr>\n<td width=\\\"419\\\">\n<p style=\\\"text-align: left;\\\">YURI GABRIEL FARIAS CASS\u00c3O<\/p>\n<\/td>\n<\/tr>\n<\/tbody>\n<\/table>\n<p>&nbsp;<\/p>\n<p style=\\\"text-align: center;\\\"><strong>CURSO DE CI\u00caNCIAS CONT\u00c1BEIS<\/strong><\/p>\n<p style=\\\"text-align: center;\\\"><strong>\u00a0Vestibular Agendado: 1\u00aa chamada*<\/strong><\/p>\n<table width=\\\"419\\\">\n<tbody>\n<tr>\n<td width=\\\"419\\\">ALEXSANDRO DA SILVA<\/td>\n<\/tr>\n<tr>\n<td width=\\\"419\\\">ALINE CORREA ANSELMO<\/td>\n<\/tr>\n<tr>\n<td width=\\\"419\\\">ANA CAROLINA DA SILVA OLIVEIRA<\/td>\n<\/tr>\n<tr>\n<td width=\\\"419\\\">CAMILA TEIXEIRA AD\u00c3O<\/td>\n<\/tr>\n<tr>\n<td width=\\\"419\\\">CAROLINA CITTADIN MATIAS<\/td>\n<\/tr>\n<tr>\n<td width=\\\"419\\\">DANIELE WINK LORENCETI<\/td>\n<\/tr>\n<tr>\n<td width=\\\"419\\\">DEBORA MARTINS<\/td>\n<\/tr>\n<tr>\n<td width=\\\"419\\\">DIOVANIO MOTA MENDES<\/td>\n<\/tr>\n<tr>\n<td width=\\\"419\\\">FELIPE MARCOS TEODORO<\/td>\n<\/tr>\n<tr>\n<td width=\\\"419\\\">HEDLEN RODRIGUES BORGES<\/td>\n<\/tr>\n<tr>\n<td width=\\\"419\\\">IAGO CARNEIRO<\/td>\n<\/tr>\n<tr>\n<td width=\\\"419\\\">INDIAMARA MACIEL DE CARVALHO<\/td>\n<\/tr>\n<tr>\n<td width=\\\"419\\\">JOAZ DAVI WEISS<\/td>\n<\/tr>\n<tr>\n<td width=\\\"419\\\">JORDANA REGINA MOREIRA<\/td>\n<\/tr>\n<tr>\n<td width=\\\"419\\\">JULIANA PACHECO MEDEIROS<\/td>\n<\/tr>\n<tr>\n<td width=\\\"419\\\">LUCAS IGN\u00c1CIO MONTEIRO MEDEIROS<\/td>\n<\/tr>\n<tr>\n<td width=\\\"419\\\">MARIA APARECIDA DA SILVA LIDORA<\/td>\n<\/tr>\n<tr>\n<td width=\\\"419\\\">NICOLAS PAULO NASARIO<\/td>\n<\/tr>\n<tr>\n<td width=\\\"419\\\">RAFAELA ROSSI DOS SANTOS<\/td>\n<\/tr>\n<tr>\n<td width=\\\"419\\\">ROCHELLY LUZ MARTINS<\/td>\n<\/tr>\n<tr>\n<td width=\\\"419\\\">THAYNA IVANIR DE SOUZA<\/td>\n<\/tr>\n<\/tbody>\n<\/table>\n<p>&nbsp;<\/p>\n<p style=\\\"text-align: center;\\\"><strong>CURSO DE DIREITO<\/strong><\/p>\n<p style=\\\"text-align: center;\\\"><strong>\u00a0Vestibular Agendado: 1\u00aa chamada*<\/strong><\/p>\n<table width=\\\"419\\\">\n<tbody>\n<tr>\n<td width=\\\"419\\\">ALISSON RANIERE BERKENBROCK<\/td>\n<\/tr>\n<tr>\n<td width=\\\"419\\\">ALLAN RICS<\/td>\n<\/tr>\n<tr>\n<td width=\\\"419\\\">ALVARO FERNANDES AVILA<\/td>\n<\/tr>\n<tr>\n<td width=\\\"419\\\">AMANDA URBANO VIEIRA<\/td>\n<\/tr>\n<tr>\n<td width=\\\"419\\\">ANA CAROLINA LEAL DA SILVA<\/td>\n<\/tr>\n<tr>\n<td width=\\\"419\\\">ANA CRISTINA MACHADO<\/td>\n<\/tr>\n<tr>\n<td width=\\\"419\\\">CAMILA DA SILVA CARDOSO<\/td>\n<\/tr>\n<tr>\n<td width=\\\"419\\\">CARINA ELIAS PESSOA<\/td>\n<\/tr>\n<tr>\n<td width=\\\"419\\\">CARINI SALVALAGIO<\/td>\n<\/tr>\n<tr>\n<td width=\\\"419\\\">CAROLINE FRANKE<\/td>\n<\/tr>\n<tr>\n<td width=\\\"419\\\">DILTON FERMINO FIDELIS<\/td>\n<\/tr>\n<tr>\n<td width=\\\"419\\\">EDEVALDO BERTOTTI<\/td>\n<\/tr>\n<tr>\n<td width=\\\"419\\\">EMANUELLE TEIXEIRA BRIGIDO<\/td>\n<\/tr>\n<tr>\n<td width=\\\"419\\\">EMILLIN NERI<\/td>\n<\/tr>\n<tr>\n<td width=\\\"419\\\">FERNANDO FERNANDES DE CARVALHO<\/td>\n<\/tr>\n<tr>\n<td width=\\\"419\\\">FLAVIA FERNANDA LEITE DA SILVA<\/td>\n<\/tr>\n<tr>\n<td width=\\\"419\\\">GABRIEL SCHUG FANTATO<\/td>\n<\/tr>\n<tr>\n<td width=\\\"419\\\">GRAZIELA CARDOSO<\/td>\n<\/tr>\n<tr>\n<td width=\\\"419\\\">IGOR BENTO DA SILVA<\/td>\n<\/tr>\n<tr>\n<td width=\\\"419\\\">JADE D\\&#8217;AQUINO CLAUDIO NUNES<\/td>\n<\/tr>\n<tr>\n<td width=\\\"419\\\">JENIFER FIDELIS FELIPE<\/td>\n<\/tr>\n<tr>\n<td width=\\\"419\\\">JOSIEL VIRGINIO DE SOUZA<\/td>\n<\/tr>\n<tr>\n<td width=\\\"419\\\">JULIA PEREIRA GON\u00c7ALVES<\/td>\n<\/tr>\n<tr>\n<td width=\\\"419\\\">KELSON MATHIDA BACKER<\/td>\n<\/tr>\n<tr>\n<td width=\\\"419\\\">LARISSA DA SILVA ALANO DOS SANTOS<\/td>\n<\/tr>\n<tr>\n<td width=\\\"419\\\">LETICIA ELIAS PESSOA NUNES<\/td>\n<\/tr>\n<tr>\n<td width=\\\"419\\\">LEVI BRASILIENSE DOS SANTOS<\/td>\n<\/tr>\n<tr>\n<td width=\\\"419\\\">LUAN FERREIRA CALAZANS<\/td>\n<\/tr>\n<tr>\n<td width=\\\"419\\\">LUANA DA SILVA CARDOSO<\/td>\n<\/tr>\n<tr>\n<td width=\\\"419\\\">MARCO AUR\u00c9LIO RAMOS TEIXEIRA<\/td>\n<\/tr>\n<tr>\n<td width=\\\"419\\\">MATHEUS C\u00c9SAR DOS SANTOS<\/td>\n<\/tr>\n<tr>\n<td width=\\\"419\\\">NATHAN FERNANDES COSTA<\/td>\n<\/tr>\n<tr>\n<td width=\\\"419\\\">PITER SOUSA SANTOS<\/td>\n<\/tr>\n<tr>\n<td width=\\\"419\\\">REBECA GODOI DA SILVA<\/td>\n<\/tr>\n<tr>\n<td width=\\\"419\\\">RODRIGO CORREA MACHADO<\/td>\n<\/tr>\n<tr>\n<td width=\\\"419\\\">SARAH STEPHANIE PHILIPPI MAZZUCCO<\/td>\n<\/tr>\n<tr>\n<td width=\\\"419\\\">SHAIANE GOMES DE SOUZA<\/td>\n<\/tr>\n<tr>\n<td width=\\\"419\\\">SILVIA CAROLINA FLEITAS RIOS<\/td>\n<\/tr>\n<tr>\n<td width=\\\"419\\\">TAINARA MACHADO BARCELOS<\/td>\n<\/tr>\n<tr>\n<td width=\\\"419\\\">TUANE COELHO ROCHA<\/td>\n<\/tr>\n<tr>\n<td width=\\\"419\\\">VILIANE FREITAS FERNANDES<\/td>\n<\/tr>\n<\/tbody>\n<\/table>\n<p>&nbsp;<\/p>\n<p style=\\\"text-align: center;\\\"><strong>CURSOS DE ENGENHARIA<\/strong><\/p>\n<p style=\\\"text-align: center;\\\"><strong>\u00a0Vestibular Agendado: 1\u00aa chamada*<\/strong><\/p>\n<table width=\\\"419\\\">\n<tbody>\n<tr>\n<td width=\\\"419\\\">CARLOS ALBERTO BATISTA JUNIOR<\/td>\n<\/tr>\n<tr>\n<td width=\\\"419\\\">CARLOS GUALBERTO DA SILVA JUNIOR<\/td>\n<\/tr>\n<tr>\n<td width=\\\"419\\\">DANILO DE LIMA CARDOSO<\/td>\n<\/tr>\n<tr>\n<td width=\\\"419\\\">DENISE VITORETTI MODOLON<\/td>\n<\/tr>\n<tr>\n<td width=\\\"419\\\">ELVIS ALBERT DA SILVA<\/td>\n<\/tr>\n<tr>\n<td width=\\\"419\\\">FERNANDA GASPAR DOS SANTOS<\/td>\n<\/tr>\n<tr>\n<td width=\\\"419\\\">GRAZIELA TOM\u00c9 HENRIQUE<\/td>\n<\/tr>\n<tr>\n<td width=\\\"419\\\">JARDEL MARQUES PEREIRA<\/td>\n<\/tr>\n<tr>\n<td width=\\\"419\\\">JULIETE TASCKE DA SILVA<\/td>\n<\/tr>\n<tr>\n<td width=\\\"419\\\">LARA SOUZA HENRIQUE<\/td>\n<\/tr>\n<tr>\n<td width=\\\"419\\\">LIVIA LAUREANO MARTINS<\/td>\n<\/tr>\n<tr>\n<td width=\\\"419\\\">LUCAS DA SILVA HENRIQUE<\/td>\n<\/tr>\n<tr>\n<td width=\\\"419\\\">NATANY RODRIGUES MARCELINO<\/td>\n<\/tr>\n<tr>\n<td width=\\\"419\\\">RAFAEL VIEIRA MATHIAS<\/td>\n<\/tr>\n<tr>\n<td width=\\\"419\\\">RONIVALDO JOS\u00c9 FLORES<\/td>\n<\/tr>\n<tr>\n<td width=\\\"419\\\">TALITA CRISTINA MAGALH\u00c3ES DA SILVA<\/td>\n<\/tr>\n<tr>\n<td width=\\\"419\\\">VINICIUS DA COSTA SABINO PESSOA<\/td>\n<\/tr>\n<tr>\n<td width=\\\"419\\\">VIT\u00d3RIA FERNANDES DE OLIVEIRA<\/td>\n<\/tr>\n<tr>\n<td width=\\\"419\\\">WILLIAN HIRAN FILAKOSKI BAIENSE<\/td>\n<\/tr>\n<tr>\n<td width=\\\"419\\\">WILLIAN ZANELATO VIEIRA<\/td>\n<\/tr>\n<\/tbody>\n<\/table>\n<p>&nbsp;<\/p>\n<p style=\\\"text-align: center;\\\"><strong>CURSO DE HOTELARIA<\/strong><\/p>\n<p style=\\\"text-align: center;\\\"><strong>\u00a0Vestibular Agendado: 1\u00aa chamada*<\/strong><\/p>\n<table width=\\\"419\\\">\n<tbody>\n<tr>\n<td width=\\\"419\\\">GABRYEL DE MEDEIROS MACHADO ALVES<\/td>\n<\/tr>\n<tr>\n<td width=\\\"419\\\">MANUEL DE OLIVEIRA MARTINS JR SOBRINHO<\/td>\n<\/tr>\n<tr>\n<td width=\\\"419\\\">SANDER BORBA ANTONIO DE SOUZA<\/td>\n<\/tr>\n<\/tbody>\n<\/table>\n<p>&nbsp;<\/p>\n<p style=\\\"text-align: center;\\\"><strong>CURSO DE PEDAGOGIA<\/strong><\/p>\n<p style=\\\"text-align: center;\\\"><strong>\u00a0Vestibular Agendado: 1\u00aa chamada*<\/strong><\/p>\n<table width=\\\"419\\\">\n<tbody>\n<tr>\n<td width=\\\"419\\\">ANA PAULA DA ROSA<\/td>\n<\/tr>\n<tr>\n<td width=\\\"419\\\">BIANCA JANU\u00c1RIA BERNARDO<\/td>\n<\/tr>\n<tr>\n<td width=\\\"419\\\">CRISTIANE GARCIA PACHECO<\/td>\n<\/tr>\n<tr>\n<td width=\\\"419\\\">DANIELI FRANCISCO DA SILVA<\/td>\n<\/tr>\n<tr>\n<td width=\\\"419\\\">EDUARDA ANDR\u00c9 INACIO<\/td>\n<\/tr>\n<tr>\n<td width=\\\"419\\\">GRAZIELE CAMILO NAZ\u00c1RIO<\/td>\n<\/tr>\n<tr>\n<td width=\\\"419\\\">J\u00c9SSICA NANDI RALDI AGUIAR<\/td>\n<\/tr>\n<tr>\n<td width=\\\"419\\\">LARISSA MENDON\u00c7A DA ROCHA<\/td>\n<\/tr>\n<tr>\n<td width=\\\"419\\\">MANUELLA DA LUZ VERDIERI<\/td>\n<\/tr>\n<tr>\n<td width=\\\"419\\\">MICHELE CASCAES GOULART<\/td>\n<\/tr>\n<tr>\n<td width=\\\"419\\\">NEIDE APARECIDA ALBINO ESTEV\u00c3O<\/td>\n<\/tr>\n<tr>\n<td width=\\\"419\\\">RAFAELLA MOREIRA DA SILVA<\/td>\n<\/tr>\n<tr>\n<td width=\\\"419\\\">TATIANE ALBINO ESTEV\u00c3O<\/td>\n<\/tr>\n<tr>\n<td width=\\\"419\\\">VALTER CUST\u00d3DIO DA SILVA JUNIOR<\/td>\n<\/tr>\n<\/tbody>\n<\/table>\n<p>&nbsp;<\/p>\n<p>&nbsp;<\/p>\n<p style=\\\"text-align: center;\\\"><strong>CURSO DE PROCESSOS GERENCIAIS<\/strong><\/p>\n<p style=\\\"text-align: center;\\\"><strong>\u00a0Vestibular Agendado: 1\u00aa chamada*<\/strong><\/p>\n<table width=\\\"419\\\">\n<tbody>\n<tr>\n<td width=\\\"419\\\">ADRIELE JEREMIAS MENDES<\/td>\n<\/tr>\n<tr>\n<td width=\\\"419\\\">ALISSON JEREMIAS MENDES<\/td>\n<\/tr>\n<tr>\n<td width=\\\"419\\\">CLEIDIANE MEDEIROS ALEXANDRE<\/td>\n<\/tr>\n<tr>\n<td width=\\\"419\\\">DANIELA FIRMINO MENDES<\/td>\n<\/tr>\n<tr>\n<td width=\\\"419\\\">ELIANE APARECIDA ROSA FIDELIX<\/td>\n<\/tr>\n<tr>\n<td width=\\\"419\\\">EVANDRO MAIK OBILONI PEREIRA<\/td>\n<\/tr>\n<tr>\n<td width=\\\"419\\\">FERNANDO DA SILVEIRA MARQUES<\/td>\n<\/tr>\n<tr>\n<td width=\\\"419\\\">FERNANDO PEREIRA DE SOUSA<\/td>\n<\/tr>\n<tr>\n<td width=\\\"419\\\">GABRIELA TOM\u00c9 DA SILVA<\/td>\n<\/tr>\n<tr>\n<td width=\\\"419\\\">GUILHERME JOS\u00c9 TEIXEIRA<\/td>\n<\/tr>\n<tr>\n<td width=\\\"419\\\">JAQUELINE MORAIS VIEIRA<\/td>\n<\/tr>\n<tr>\n<td width=\\\"419\\\">JONAS VIEIRA RODRIGUES<\/td>\n<\/tr>\n<tr>\n<td width=\\\"419\\\">KELEN CRISTINE HENRIQUE<\/td>\n<\/tr>\n<tr>\n<td width=\\\"419\\\">ODENIR CHANKOVIAK<\/td>\n<\/tr>\n<tr>\n<td width=\\\"419\\\">PEDRO PAULO DA COSTA SILVEIRA NETO<\/td>\n<\/tr>\n<tr>\n<td width=\\\"419\\\">ROGER DA SILVA MEDEIROS<\/td>\n<\/tr>\n<tr>\n<td width=\\\"419\\\">SCARLAT DA SILVA CONSTANTINO<\/td>\n<\/tr>\n<tr>\n<td width=\\\"419\\\">THIAGO ALEXANDRE MATHIAS<\/td>\n<\/tr>\n<tr>\n<td width=\\\"419\\\">THIAGO MARCOLINO DE OLIVEIRA<\/td>\n<\/tr>\n<tr>\n<td width=\\\"419\\\">VALDIJAIME AMANTINO DE ARAUJO JR<\/td>\n<\/tr>\n<tr>\n<td width=\\\"419\\\">WILLIAM BRUCE DE FRAN\u00c7A NEVES<\/td>\n<\/tr>\n<\/tbody>\n<\/table>\n","protected":false},"excerpt":{"rendered":"<p>CURSO DE ADMINISTRA\u00c7\u00c3O \u00a0Vestibular Agendado: 1\u00aa chamada* ALICE ROSA GARCIA MACHADO BEATRIZ ANDRADE MARCILIO ERICK DA ROSA DA SILVA FABRICIO WESTPHAL ROSA ISADORA MENDES DE PAULA JANGELTON CERQUEIRA CARDOSO LAURA HELENA CAETANO DE OLIVEIRA NATYELLY DE MORAIS DUARTE PEDRO HENRIQUE DE SOUZA TAMIRES CARDOSO COSTA YURI GABRIEL FARIAS CASS\u00c3O &nbsp; CURSO DE CI\u00caNCIAS CONT\u00c1BEIS \u00a0Vestibular [&hellip;]<\/p>\n","protected":false},"author":1,"featured_media":3700,"comment_status":"closed","ping_status":"open","sticky":false,"template":"","format":"standard","meta":{"site-sidebar-layout":"default","site-content-layout":"","ast-site-content-layout":"default","site-content-style":"default","site-sidebar-style":"default","ast-global-header-display":"","ast-banner-title-visibility":"","ast-main-header-display":"","ast-hfb-above-header-display":"","ast-hfb-below-header-display":"","ast-hfb-mobile-header-display":"","site-post-title":"","ast-breadcrumbs-content":"","ast-featured-img":"","footer-sml-layout":"","ast-disable-related-posts":"","theme-transparent-header-meta":"","adv-header-id-meta":"","stick-header-meta":"","header-above-stick-meta":"","header-main-stick-meta":"","header-below-stick-meta":"","astra-migrate-meta-layouts":"default","ast-page-background-enabled":"default","ast-page-background-meta":{"desktop":{"background-color":"var(--ast-global-color-4)","background-image":"","background-repeat":"repeat","background-position":"center center","background-size":"auto","background-attachment":"scroll","background-type":"","background-media":"","overlay-type":"","overlay-color":"","overlay-opacity":"","overlay-gradient":""},"tablet":{"background-color":"","background-image":"","background-repeat":"repeat","background-position":"center center","background-size":"auto","background-attachment":"scroll","background-type":"","background-media":"","overlay-type":"","overlay-color":"","overlay-opacity":"","overlay-gradient":""},"mobile":{"background-color":"","background-image":"","background-repeat":"repeat","background-position":"center center","background-size":"auto","background-attachment":"scroll","background-type":"","background-media":"","overlay-type":"","overlay-color":"","overlay-opacity":"","overlay-gradient":""}},"ast-content-background-meta":{"desktop":{"background-color":"var(--ast-global-color-5)","background-image":"","background-repeat":"repeat","background-position":"center center","background-size":"auto","background-attachment":"scroll","background-type":"","background-media":"","overlay-type":"","overlay-color":"","overlay-opacity":"","overlay-gradient":""},"tablet":{"background-color":"var(--ast-global-color-5)","background-image":"","background-repeat":"repeat","background-position":"center center","background-size":"auto","background-attachment":"scroll","background-type":"","background-media":"","overlay-type":"","overlay-color":"","overlay-opacity":"","overlay-gradient":""},"mobile":{"background-color":"var(--ast-global-color-5)","background-image":"","background-repeat":"repeat","background-position":"center center","background-size":"auto","background-attachment":"scroll","background-type":"","background-media":"","overlay-type":"","overlay-color":"","overlay-opacity":"","overlay-gradient":""}},"ngg_post_thumbnail":0,"footnotes":""},"categories":[5],"tags":[27,9,28,29,30,13,31],"class_list":["post-3698","post","type-post","status-publish","format-standard","has-post-thumbnail","hentry","category-noticia","tag-aprovados","tag-fucap","tag-lista","tag-lista-de-aprovados","tag-processo-seletivo","tag-univinte","tag-vestibular"],"rttpg_featured_image_url":{"full":["https:\/\/univinte.edu.br\/portal\/wp-content\/uploads\/2019\/06\/como-passar-no-vestibular.jpg",600,300,false],"landscape":["https:\/\/univinte.edu.br\/portal\/wp-content\/uploads\/2019\/06\/como-passar-no-vestibular.jpg",600,300,false],"portraits":["https:\/\/univinte.edu.br\/portal\/wp-content\/uploads\/2019\/06\/como-passar-no-vestibular.jpg",600,300,false],"thumbnail":["https:\/\/univinte.edu.br\/portal\/wp-content\/uploads\/2019\/06\/como-passar-no-vestibular-150x150.jpg",150,150,true],"medium":["https:\/\/univinte.edu.br\/portal\/wp-content\/uploads\/2019\/06\/como-passar-no-vestibular-300x150.jpg",300,150,true],"large":["https:\/\/univinte.edu.br\/portal\/wp-content\/uploads\/2019\/06\/como-passar-no-vestibular.jpg",600,300,false],"1536x1536":["https:\/\/univinte.edu.br\/portal\/wp-content\/uploads\/2019\/06\/como-passar-no-vestibular.jpg",600,300,false],"2048x2048":["https:\/\/univinte.edu.br\/portal\/wp-content\/uploads\/2019\/06\/como-passar-no-vestibular.jpg",600,300,false]},"rttpg_author":{"display_name":"contato","author_link":"https:\/\/univinte.edu.br\/portal\/author\/contato\/"},"rttpg_comment":0,"rttpg_category":"<a href=\"https:\/\/univinte.edu.br\/portal\/category\/noticia\/\" rel=\"category tag\">Not\u00edcias<\/a>","rttpg_excerpt":"CURSO DE ADMINISTRA\u00c7\u00c3O \u00a0Vestibular Agendado: 1\u00aa chamada* ALICE ROSA GARCIA MACHADO BEATRIZ ANDRADE MARCILIO ERICK DA ROSA DA SILVA FABRICIO WESTPHAL ROSA ISADORA MENDES DE PAULA JANGELTON CERQUEIRA CARDOSO LAURA HELENA CAETANO DE OLIVEIRA NATYELLY DE MORAIS DUARTE PEDRO HENRIQUE DE SOUZA TAMIRES CARDOSO COSTA YURI GABRIEL FARIAS CASS\u00c3O &nbsp; CURSO DE CI\u00caNCIAS CONT\u00c1BEIS \u00a0Vestibular&hellip;","_links":{"self":[{"href":"https:\/\/univinte.edu.br\/portal\/wp-json\/wp\/v2\/posts\/3698","targetHints":{"allow":["GET"]}}],"collection":[{"href":"https:\/\/univinte.edu.br\/portal\/wp-json\/wp\/v2\/posts"}],"about":[{"href":"https:\/\/univinte.edu.br\/portal\/wp-json\/wp\/v2\/types\/post"}],"author":[{"embeddable":true,"href":"https:\/\/univinte.edu.br\/portal\/wp-json\/wp\/v2\/users\/1"}],"replies":[{"embeddable":true,"href":"https:\/\/univinte.edu.br\/portal\/wp-json\/wp\/v2\/comments?post=3698"}],"version-history":[{"count":0,"href":"https:\/\/univinte.edu.br\/portal\/wp-json\/wp\/v2\/posts\/3698\/revisions"}],"wp:featuredmedia":[{"embeddable":true,"href":"https:\/\/univinte.edu.br\/portal\/wp-json\/wp\/v2\/media\/3700"}],"wp:attachment":[{"href":"https:\/\/univinte.edu.br\/portal\/wp-json\/wp\/v2\/media?parent=3698"}],"wp:term":[{"taxonomy":"category","embeddable":true,"href":"https:\/\/univinte.edu.br\/portal\/wp-json\/wp\/v2\/categories?post=3698"},{"taxonomy":"post_tag","embeddable":true,"href":"https:\/\/univinte.edu.br\/portal\/wp-json\/wp\/v2\/tags?post=3698"}],"curies":[{"name":"wp","href":"https:\/\/api.w.org\/{rel}","templated":true}]}}