{"id":3997,"date":"2019-09-02T13:42:10","date_gmt":"2019-09-02T16:42:10","guid":{"rendered":"http:\/\/univinte.edu.br\/portal\/index.php\/2019\/09\/02\/pd-de-energias-renovaveis-da-empresa-engie\/"},"modified":"2019-09-02T13:42:10","modified_gmt":"2019-09-02T16:42:10","slug":"pd-de-energias-renovaveis-da-empresa-engie","status":"publish","type":"post","link":"https:\/\/univinte.edu.br\/portal\/pd-de-energias-renovaveis-da-empresa-engie\/","title":{"rendered":"P&#038;D de energias renov\u00e1veis da empresa Engie"},"content":{"rendered":"<p>No dia 24\/09 aula da disciplina de Gest\u00e3o de Projetos do Curso de Administra\u00e7\u00e3o foi diferenciada. Os alunos, foram direcionados ao P&amp;D de energias renov\u00e1veis da empresa Engie, sob coordena\u00e7\u00e3o do prof. Gabriel Beltrame Derner Silva.<\/p>\n<p>No dia 24 de setembro de 2019 (s\u00e1bado), a aula da disciplina de Gest\u00e3o de Projetos foi diferenciada. Os alunos, sob coordena\u00e7\u00e3o do professor da disciplina Gabriel Beltrame Derner Silva, foram direcionados ao P&amp;D de energias renov\u00e1veis da empresa Engie e a aula deste dia foi realizada no local. A empresa est\u00e1 localizada ao lado da FUCAP, em Capivari de Baixo &#8211; Santa Catarina. Inicialmente e dentro da empresa, os alunos receberam uma palestra sobre o hist\u00f3rico da empresa desde meados do s\u00e9culo passado at\u00e9 hoje, passando pelas mais diversas transforma\u00e7\u00f5es. Atualmente, para se ter uma ideia, todos os funcion\u00e1rios da Engie est\u00e3o regularizados conforme um CNPJ diferenciado, empresa batizada como Diamante Brasil, pois no plano estrat\u00e9gico da Engie n\u00e3o \u00e9 mais permitido que nenhuma empresa que n\u00e3o possua \u201cgera\u00e7\u00e3o limpa\u201d possua seu CNPJ atrelado \u00e0 marca.<\/p>\n<p>Como em Jorge Lacerda a energia \u00e9 produzida a partir de um combust\u00edvel f\u00f3ssil, que \u00e9 o carv\u00e3o, este CNPJ foi criado. Ademais, os alunos receberam uma palestra que durou cerca de 1h sobre como a energia \u00e9 produzida e distribu\u00edda. Foram apontados alguns n\u00fameros sobre a entrada de mat\u00e9rias primas e de como a mesma \u00e9 utilizada na produ\u00e7\u00e3o da energia na Usina. Um outro assunto abordado foi como esta energia \u00e9 distribu\u00edda para os diversos pontos da cidade, do estado, do pa\u00eds e at\u00e9 mesmo para alguns outros pa\u00edses da Am\u00e9rica do Sul, por meio do ONS (Operador Nacional do Sistema). No final da visita, os alunos foram direcionados at\u00e9 o local onde est\u00e3o instaladas as placas solares e a gera\u00e7\u00e3o a\u00e9rea, onde foi realizada uma breve explana\u00e7\u00e3o de como funcionam as tecnologias. Esta parte foi a que mais chamou aten\u00e7\u00e3o dos acad\u00eamicos pois mostrou como a gera\u00e7\u00e3o da energia \u00e9 administrada na pr\u00e1tica. Enfim, a visita t\u00e9cnica atendeu aos objetivos determinados com participa\u00e7\u00e3o e intera\u00e7\u00e3o dos alunos.<\/p>\n<p>Como principais pontos positivos, houve um consenso no destaque aos cuidados com a gest\u00e3o de projetos de grande porte, com a gest\u00e3o e engenharia de manuten\u00e7\u00e3o dos equipamentos, atendimento \u00e0s normas t\u00e9cnicas pertinentes, principalmente relacionadas ao meio ambiente em conformidade \u00e0s normas t\u00e9cnicas do setor. Na sequ\u00eancia ser\u00e3o apresentadas a lista de alunos participantes e uma foto no momento da visita.<\/p>\n<p style=\\\"text-align: center;\\\">\u201cObjetivo da visita foi conhecer a empresa e agregar conhecimen to pr\u00e1tico aos alunos em fun\u00e7\u00e3o do exposto em sala de aula\u201d, ressalta Prof. Gabriel.<\/p>\n<p>&nbsp;<\/p>\n<p><img class=\\\"alignnone size-medium wp-image-3999\\\" src=\\\"\/\/www.fucap.edu.br\/wp\/wp-content\/uploads\/2019\/09\/WhatsApp-Image-2019-08-30-at-11.14.50x-300x225.jpeg\\\" alt=\\\"\\\" width=\\\"300\\\" height=\\\"225\\\" \/><img class=\\\"alignnone size-medium wp-image-3998\\\" src=\\\"\/\/www.fucap.edu.br\/wp\/wp-content\/uploads\/2019\/09\/WhatsApp-Image-2019-08-30-at-11.14.50-300x300.jpeg\\\" alt=\\\"\\\" width=\\\"300\\\" height=\\\"300\\\" \/><\/p>\n","protected":false},"excerpt":{"rendered":"<p>No dia 24\/09 aula da disciplina de Gest\u00e3o de Projetos do Curso de Administra\u00e7\u00e3o foi diferenciada. Os alunos, foram direcionados ao P&amp;D de energias renov\u00e1veis da empresa Engie, sob coordena\u00e7\u00e3o do prof. Gabriel Beltrame Derner Silva. No dia 24 de setembro de 2019 (s\u00e1bado), a aula da disciplina de Gest\u00e3o de Projetos foi diferenciada. Os [&hellip;]<\/p>\n","protected":false},"author":1,"featured_media":3999,"comment_status":"closed","ping_status":"open","sticky":false,"template":"","format":"standard","meta":{"site-sidebar-layout":"default","site-content-layout":"","ast-site-content-layout":"default","site-content-style":"default","site-sidebar-style":"default","ast-global-header-display":"","ast-banner-title-visibility":"","ast-main-header-display":"","ast-hfb-above-header-display":"","ast-hfb-below-header-display":"","ast-hfb-mobile-header-display":"","site-post-title":"","ast-breadcrumbs-content":"","ast-featured-img":"","footer-sml-layout":"","ast-disable-related-posts":"","theme-transparent-header-meta":"","adv-header-id-meta":"","stick-header-meta":"","header-above-stick-meta":"","header-main-stick-meta":"","header-below-stick-meta":"","astra-migrate-meta-layouts":"default","ast-page-background-enabled":"default","ast-page-background-meta":{"desktop":{"background-color":"var(--ast-global-color-4)","background-image":"","background-repeat":"repeat","background-position":"center center","background-size":"auto","background-attachment":"scroll","background-type":"","background-media":"","overlay-type":"","overlay-color":"","overlay-opacity":"","overlay-gradient":""},"tablet":{"background-color":"","background-image":"","background-repeat":"repeat","background-position":"center center","background-size":"auto","background-attachment":"scroll","background-type":"","background-media":"","overlay-type":"","overlay-color":"","overlay-opacity":"","overlay-gradient":""},"mobile":{"background-color":"","background-image":"","background-repeat":"repeat","background-position":"center center","background-size":"auto","background-attachment":"scroll","background-type":"","background-media":"","overlay-type":"","overlay-color":"","overlay-opacity":"","overlay-gradient":""}},"ast-content-background-meta":{"desktop":{"background-color":"var(--ast-global-color-5)","background-image":"","background-repeat":"repeat","background-position":"center center","background-size":"auto","background-attachment":"scroll","background-type":"","background-media":"","overlay-type":"","overlay-color":"","overlay-opacity":"","overlay-gradient":""},"tablet":{"background-color":"var(--ast-global-color-5)","background-image":"","background-repeat":"repeat","background-position":"center center","background-size":"auto","background-attachment":"scroll","background-type":"","background-media":"","overlay-type":"","overlay-color":"","overlay-opacity":"","overlay-gradient":""},"mobile":{"background-color":"var(--ast-global-color-5)","background-image":"","background-repeat":"repeat","background-position":"center center","background-size":"auto","background-attachment":"scroll","background-type":"","background-media":"","overlay-type":"","overlay-color":"","overlay-opacity":"","overlay-gradient":""}},"ngg_post_thumbnail":0,"footnotes":""},"categories":[5],"tags":[11,45,9,46,13],"class_list":["post-3997","post","type-post","status-publish","format-standard","has-post-thumbnail","hentry","category-noticia","tag-administracao","tag-energias-renovaveis","tag-fucap","tag-pd","tag-univinte"],"rttpg_featured_image_url":{"full":["https:\/\/univinte.edu.br\/portal\/wp-content\/uploads\/2019\/09\/WhatsApp-Image-2019-08-30-at-11.14.50x.jpeg",1280,960,false],"landscape":["https:\/\/univinte.edu.br\/portal\/wp-content\/uploads\/2019\/09\/WhatsApp-Image-2019-08-30-at-11.14.50x.jpeg",1280,960,false],"portraits":["https:\/\/univinte.edu.br\/portal\/wp-content\/uploads\/2019\/09\/WhatsApp-Image-2019-08-30-at-11.14.50x.jpeg",1280,960,false],"thumbnail":["https:\/\/univinte.edu.br\/portal\/wp-content\/uploads\/2019\/09\/WhatsApp-Image-2019-08-30-at-11.14.50x-150x150.jpeg",150,150,true],"medium":["https:\/\/univinte.edu.br\/portal\/wp-content\/uploads\/2019\/09\/WhatsApp-Image-2019-08-30-at-11.14.50x-300x225.jpeg",300,225,true],"large":["https:\/\/univinte.edu.br\/portal\/wp-content\/uploads\/2019\/09\/WhatsApp-Image-2019-08-30-at-11.14.50x-1024x768.jpeg",1024,768,true],"1536x1536":["https:\/\/univinte.edu.br\/portal\/wp-content\/uploads\/2019\/09\/WhatsApp-Image-2019-08-30-at-11.14.50x.jpeg",1280,960,false],"2048x2048":["https:\/\/univinte.edu.br\/portal\/wp-content\/uploads\/2019\/09\/WhatsApp-Image-2019-08-30-at-11.14.50x.jpeg",1280,960,false]},"rttpg_author":{"display_name":"contato","author_link":"https:\/\/univinte.edu.br\/portal\/author\/contato\/"},"rttpg_comment":0,"rttpg_category":"<a href=\"https:\/\/univinte.edu.br\/portal\/category\/noticia\/\" rel=\"category tag\">Not\u00edcias<\/a>","rttpg_excerpt":"No dia 24\/09 aula da disciplina de Gest\u00e3o de Projetos do Curso de Administra\u00e7\u00e3o foi diferenciada. Os alunos, foram direcionados ao P&amp;D de energias renov\u00e1veis da empresa Engie, sob coordena\u00e7\u00e3o do prof. Gabriel Beltrame Derner Silva. No dia 24 de setembro de 2019 (s\u00e1bado), a aula da disciplina de Gest\u00e3o de Projetos foi diferenciada. Os&hellip;","_links":{"self":[{"href":"https:\/\/univinte.edu.br\/portal\/wp-json\/wp\/v2\/posts\/3997","targetHints":{"allow":["GET"]}}],"collection":[{"href":"https:\/\/univinte.edu.br\/portal\/wp-json\/wp\/v2\/posts"}],"about":[{"href":"https:\/\/univinte.edu.br\/portal\/wp-json\/wp\/v2\/types\/post"}],"author":[{"embeddable":true,"href":"https:\/\/univinte.edu.br\/portal\/wp-json\/wp\/v2\/users\/1"}],"replies":[{"embeddable":true,"href":"https:\/\/univinte.edu.br\/portal\/wp-json\/wp\/v2\/comments?post=3997"}],"version-history":[{"count":0,"href":"https:\/\/univinte.edu.br\/portal\/wp-json\/wp\/v2\/posts\/3997\/revisions"}],"wp:featuredmedia":[{"embeddable":true,"href":"https:\/\/univinte.edu.br\/portal\/wp-json\/wp\/v2\/media\/3999"}],"wp:attachment":[{"href":"https:\/\/univinte.edu.br\/portal\/wp-json\/wp\/v2\/media?parent=3997"}],"wp:term":[{"taxonomy":"category","embeddable":true,"href":"https:\/\/univinte.edu.br\/portal\/wp-json\/wp\/v2\/categories?post=3997"},{"taxonomy":"post_tag","embeddable":true,"href":"https:\/\/univinte.edu.br\/portal\/wp-json\/wp\/v2\/tags?post=3997"}],"curies":[{"name":"wp","href":"https:\/\/api.w.org\/{rel}","templated":true}]}}