{"id":6241,"date":"2022-01-10T13:08:31","date_gmt":"2022-01-10T16:08:31","guid":{"rendered":"http:\/\/univinte.edu.br\/portal\/index.php\/2022\/01\/10\/processo-seletivo-2022-1-resultado\/"},"modified":"2022-01-10T13:08:31","modified_gmt":"2022-01-10T16:08:31","slug":"processo-seletivo-2022-1-resultado","status":"publish","type":"post","link":"https:\/\/univinte.edu.br\/portal\/processo-seletivo-2022-1-resultado\/","title":{"rendered":"Processo Seletivo 2022\/1 &#8211; Resultado"},"content":{"rendered":"<h1 style=\\\"text-align: center;\\\"><strong>PROCESSO SELETIVO 2022\/1<\/strong><br \/>\n<strong>EDITAL 06\/2021<\/strong><\/h1>\n<p>&nbsp;<\/p>\n<h1 style=\\\"text-align: center;\\\"><strong>CURSO DE BIOMEDICINA<\/strong><\/h1>\n<p style=\\\"text-align: center;\\\">\nVestibular Agendado: 1\u00aa chamada*<br \/>\nAMANDA GASPAR ALVES**<br \/>\nERICA COSTA DA ROSA KOCH<\/p>\n<p style=\\\"text-align: center;\\\">\n<h1 style=\\\"text-align: center;\\\">CURSO DE DIREITO<\/h1>\n<p style=\\\"text-align: center;\\\">\nVestibular Agendado: 1\u00aa chamada*<br \/>\nRAMON JANU\u00c1RIA CARDOSO**<br \/>\nGUILHERME BELTRAME CLAUDINO<br \/>\nANA CLARA SANTANA FERREIRA<br \/>\nLUANA PAULO CLEMENCIA<br \/>\nARTHUR TESTONI DA ROSA<br \/>\nANDRE PINTER<br \/>\nCRISTIANO DOS SANTOS MINA<br \/>\nERICA DA ROSA LEANDRO<br \/>\nFRANCIELLI CARDOZO DE MELLO<br \/>\nJULIA SOUZA NETO<br \/>\nMANOEL DE OLIVEIRA DAMASIO<\/p>\n<p>&nbsp;<\/p>\n<h1 style=\\\"text-align: center;\\\">CURSO DE EDUCA\u00c7\u00c3O F\u00cdSICA<\/h1>\n<p style=\\\"text-align: center;\\\">\nVestibular Agendado: 1\u00aa chamada*<br \/>\nGUILHERME NUNES PESSOA**<\/p>\n<p>&nbsp;<\/p>\n<h1 style=\\\"text-align: center;\\\"><strong>CURSO DE ENGENHARIA MEC\u00c2NICA<\/strong><\/h1>\n<p style=\\\"text-align: center;\\\">\nVestibular Agendado: 1\u00aa chamada*<br \/>\nFELIPE KRIEGER**<br \/>\nITALO TALAU MAIDANA DORNELES<br \/>\nJOHANN CHAGAS DE ALBUQUERQUE<\/p>\n<p>&nbsp;<\/p>\n<h1 style=\\\"text-align: center;\\\">CURSO DE MEDICINA VETERIN\u00c1RIA<\/h1>\n<p style=\\\"text-align: center;\\\">\nVestibular Agendado: 1\u00aa chamada*<br \/>\nELLEN ALVES CRISTINA**<br \/>\nYASMIM DE SOUZA<br \/>\nBEATRIZ DA SILVA NIEHUES<br \/>\nBEATRIZ DA SILVA VITORIO<br \/>\nFERNANDA CAETANO GON\u00c7ALVES<\/p>\n<p>&nbsp;<\/p>\n<h1 style=\\\"text-align: center;\\\">CURSO DE ODONTOLOGIA<\/h1>\n<p style=\\\"text-align: center;\\\">\nVestibular Agendado: 1\u00aa chamada*<br \/>\nTYELLEN PRUDENCIO FAUSTO**<br \/>\nKAILANE FREITAS DUARTE<br \/>\nJOSE VANDERLEI CORVALAO<br \/>\nSARAH MATIAS MENDES<\/p>\n<p>&nbsp;<\/p>\n<h1 style=\\\"text-align: center;\\\"><strong>CURSO DE PSICOLOGIA<\/strong><\/h1>\n<p style=\\\"text-align: center;\\\">\nVestibular Agendado: 1\u00aa chamada*<br \/>\nJULIANE DE SOUZA PONTES**<br \/>\nFERNANDA LAURENTINO DA SILVA<br \/>\nLAIS DOS SANTOS B\u00d6EGER<br \/>\nMARIA CLARA SILVANO ROSA<br \/>\nCLEBERSON AUGUSTO JOS\u00c9 GON\u00c7ALVES E GARCIA<br \/>\nMISAEL DE JESUS FERNANDES<br \/>\nMELISSA ANSELMO MATEUS BOAS<br \/>\nCRISTIANE DE SOUSA POLICARPI<br \/>\nMARCOS VINICIUS NUNES BARBINA<br \/>\nRAQUEL MARIA DOS SANTOS AZAMBUJA<\/p>\n<p>&nbsp;<\/p>\n<h1 style=\\\"text-align: center;\\\"><strong>CLASSIFICA\u00c7\u00c3O GERAL<\/strong><br \/>\n<strong>BOLSA REDA\u00c7\u00c3O<\/strong><\/h1>\n<p style=\\\"text-align: center;\\\">\nRAMON JANU\u00c1RIA CARDOSO**<br \/>\nPAULO NELSON NASCIMENTO DON\u00c1RIA<br \/>\nGUILHERME BELTRAME CLAUDINO<br \/>\nJULIANE DE SOUZA PONTES<br \/>\nTYELLEN PRUDENCIO FAUSTO<br \/>\nANA CLARA SANTANA FERREIRA<br \/>\nFERNANDA LAURENTINO DA SILVA<br \/>\nKAILANE FREITAS DUARTE<br \/>\nNATACHA RODRIGUES MACHADO<br \/>\nAMANDA GASPAR ALVES<br \/>\nLAIS DOS SANTOS B\u00d6EGER<br \/>\nFELIPE KRIEGER<br \/>\nLUANA PAULO CLEMENCIA<br \/>\nMARIA CLARA SILVANO ROSA<br \/>\nGUILHERME NUNES PESSOA<br \/>\nELLEN ALVES CRISTINA<br \/>\nYASMIM DE SOUZA<br \/>\nCLEBERSON AUGUSTO JOS\u00c9 GON\u00c7ALVES E GARCIA<br \/>\nJULIANA CRUZ ARA\u00daJO OLIVEIRA<br \/>\nARTHUR TESTONI DA ROSA<\/p>\n<p>&nbsp;<\/p>\n<p style=\\\"text-align: center;\\\">* A matr\u00edcula dos alunos classificados ser\u00e1 realizada na secretaria da Faculdade Capivari de <strong>06\/12\/2021 a 11\/12\/2021<\/strong>.<br \/>\n**Para receber o benef\u00edcio disposto no subitem 7.3.1, o candidato deve realizar matr\u00edcula at\u00e9 <strong>11\/12\/2021,<\/strong> podendo o<br \/>\nbenef\u00edcio ser remanejado caso a turma n\u00e3o atinja o n\u00famero m\u00ednimo de <strong>70%<\/strong> das vagas preenchidas.<\/p>\n","protected":false},"excerpt":{"rendered":"<p>PROCESSO SELETIVO 2022\/1 EDITAL 06\/2021 &nbsp; CURSO DE BIOMEDICINA Vestibular Agendado: 1\u00aa chamada* AMANDA GASPAR ALVES** ERICA COSTA DA ROSA KOCH CURSO DE DIREITO Vestibular Agendado: 1\u00aa chamada* RAMON JANU\u00c1RIA CARDOSO** GUILHERME BELTRAME CLAUDINO ANA CLARA SANTANA FERREIRA LUANA PAULO CLEMENCIA ARTHUR TESTONI DA ROSA ANDRE PINTER CRISTIANO DOS SANTOS MINA ERICA DA ROSA LEANDRO [&hellip;]<\/p>\n","protected":false},"author":1,"featured_media":2234,"comment_status":"closed","ping_status":"open","sticky":false,"template":"","format":"standard","meta":{"site-sidebar-layout":"default","site-content-layout":"","ast-site-content-layout":"default","site-content-style":"default","site-sidebar-style":"default","ast-global-header-display":"","ast-banner-title-visibility":"","ast-main-header-display":"","ast-hfb-above-header-display":"","ast-hfb-below-header-display":"","ast-hfb-mobile-header-display":"","site-post-title":"","ast-breadcrumbs-content":"","ast-featured-img":"","footer-sml-layout":"","ast-disable-related-posts":"","theme-transparent-header-meta":"","adv-header-id-meta":"","stick-header-meta":"","header-above-stick-meta":"","header-main-stick-meta":"","header-below-stick-meta":"","astra-migrate-meta-layouts":"default","ast-page-background-enabled":"default","ast-page-background-meta":{"desktop":{"background-color":"var(--ast-global-color-4)","background-image":"","background-repeat":"repeat","background-position":"center center","background-size":"auto","background-attachment":"scroll","background-type":"","background-media":"","overlay-type":"","overlay-color":"","overlay-opacity":"","overlay-gradient":""},"tablet":{"background-color":"","background-image":"","background-repeat":"repeat","background-position":"center center","background-size":"auto","background-attachment":"scroll","background-type":"","background-media":"","overlay-type":"","overlay-color":"","overlay-opacity":"","overlay-gradient":""},"mobile":{"background-color":"","background-image":"","background-repeat":"repeat","background-position":"center center","background-size":"auto","background-attachment":"scroll","background-type":"","background-media":"","overlay-type":"","overlay-color":"","overlay-opacity":"","overlay-gradient":""}},"ast-content-background-meta":{"desktop":{"background-color":"var(--ast-global-color-5)","background-image":"","background-repeat":"repeat","background-position":"center center","background-size":"auto","background-attachment":"scroll","background-type":"","background-media":"","overlay-type":"","overlay-color":"","overlay-opacity":"","overlay-gradient":""},"tablet":{"background-color":"var(--ast-global-color-5)","background-image":"","background-repeat":"repeat","background-position":"center center","background-size":"auto","background-attachment":"scroll","background-type":"","background-media":"","overlay-type":"","overlay-color":"","overlay-opacity":"","overlay-gradient":""},"mobile":{"background-color":"var(--ast-global-color-5)","background-image":"","background-repeat":"repeat","background-position":"center center","background-size":"auto","background-attachment":"scroll","background-type":"","background-media":"","overlay-type":"","overlay-color":"","overlay-opacity":"","overlay-gradient":""}},"ngg_post_thumbnail":0,"footnotes":""},"categories":[5],"tags":[93,9,141,142,13],"class_list":["post-6241","post","type-post","status-publish","format-standard","has-post-thumbnail","hentry","category-noticia","tag-cursos","tag-fucap","tag-minha-fucap","tag-processo-seletivo-2021","tag-univinte"],"rttpg_featured_image_url":{"full":["https:\/\/univinte.edu.br\/portal\/wp-content\/uploads\/2019\/04\/vestibular-2018-2.jpg",785,350,false],"landscape":["https:\/\/univinte.edu.br\/portal\/wp-content\/uploads\/2019\/04\/vestibular-2018-2.jpg",785,350,false],"portraits":["https:\/\/univinte.edu.br\/portal\/wp-content\/uploads\/2019\/04\/vestibular-2018-2.jpg",785,350,false],"thumbnail":["https:\/\/univinte.edu.br\/portal\/wp-content\/uploads\/2019\/04\/vestibular-2018-2-150x150.jpg",150,150,true],"medium":["https:\/\/univinte.edu.br\/portal\/wp-content\/uploads\/2019\/04\/vestibular-2018-2-300x134.jpg",300,134,true],"large":["https:\/\/univinte.edu.br\/portal\/wp-content\/uploads\/2019\/04\/vestibular-2018-2.jpg",785,350,false],"1536x1536":["https:\/\/univinte.edu.br\/portal\/wp-content\/uploads\/2019\/04\/vestibular-2018-2.jpg",785,350,false],"2048x2048":["https:\/\/univinte.edu.br\/portal\/wp-content\/uploads\/2019\/04\/vestibular-2018-2.jpg",785,350,false]},"rttpg_author":{"display_name":"contato","author_link":"https:\/\/univinte.edu.br\/portal\/author\/contato\/"},"rttpg_comment":0,"rttpg_category":"<a href=\"https:\/\/univinte.edu.br\/portal\/category\/noticia\/\" rel=\"category tag\">Not\u00edcias<\/a>","rttpg_excerpt":"PROCESSO SELETIVO 2022\/1 EDITAL 06\/2021 &nbsp; CURSO DE BIOMEDICINA Vestibular Agendado: 1\u00aa chamada* AMANDA GASPAR ALVES** ERICA COSTA DA ROSA KOCH CURSO DE DIREITO Vestibular Agendado: 1\u00aa chamada* RAMON JANU\u00c1RIA CARDOSO** GUILHERME BELTRAME CLAUDINO ANA CLARA SANTANA FERREIRA LUANA PAULO CLEMENCIA ARTHUR TESTONI DA ROSA ANDRE PINTER CRISTIANO DOS SANTOS MINA ERICA DA ROSA LEANDRO&hellip;","_links":{"self":[{"href":"https:\/\/univinte.edu.br\/portal\/wp-json\/wp\/v2\/posts\/6241","targetHints":{"allow":["GET"]}}],"collection":[{"href":"https:\/\/univinte.edu.br\/portal\/wp-json\/wp\/v2\/posts"}],"about":[{"href":"https:\/\/univinte.edu.br\/portal\/wp-json\/wp\/v2\/types\/post"}],"author":[{"embeddable":true,"href":"https:\/\/univinte.edu.br\/portal\/wp-json\/wp\/v2\/users\/1"}],"replies":[{"embeddable":true,"href":"https:\/\/univinte.edu.br\/portal\/wp-json\/wp\/v2\/comments?post=6241"}],"version-history":[{"count":0,"href":"https:\/\/univinte.edu.br\/portal\/wp-json\/wp\/v2\/posts\/6241\/revisions"}],"wp:featuredmedia":[{"embeddable":true,"href":"https:\/\/univinte.edu.br\/portal\/wp-json\/wp\/v2\/media\/2234"}],"wp:attachment":[{"href":"https:\/\/univinte.edu.br\/portal\/wp-json\/wp\/v2\/media?parent=6241"}],"wp:term":[{"taxonomy":"category","embeddable":true,"href":"https:\/\/univinte.edu.br\/portal\/wp-json\/wp\/v2\/categories?post=6241"},{"taxonomy":"post_tag","embeddable":true,"href":"https:\/\/univinte.edu.br\/portal\/wp-json\/wp\/v2\/tags?post=6241"}],"curies":[{"name":"wp","href":"https:\/\/api.w.org\/{rel}","templated":true}]}}