{"id":6363,"date":"2022-02-08T21:10:55","date_gmt":"2022-02-09T00:10:55","guid":{"rendered":"http:\/\/univinte.edu.br\/portal\/index.php\/2022\/02\/08\/odonto-e-na-univinte\/"},"modified":"2022-02-08T21:10:55","modified_gmt":"2022-02-09T00:10:55","slug":"odonto-e-na-univinte","status":"publish","type":"post","link":"https:\/\/univinte.edu.br\/portal\/odonto-e-na-univinte\/","title":{"rendered":"Odonto \u00e9 na UNIVINTE!"},"content":{"rendered":"<p>Na Univinte\/Fucap, voc\u00ea estuda e trabalha durante o dia.<\/p>\n<p>Nosso curso de ODONTOLOGIA \u00e9 NOTURNO.<\/p>\n<p>&nbsp;<\/p>\n<p>Conhe\u00e7a nossos mestres:<\/p>\n<p>&nbsp;<\/p>\n<p>Hoje, dia 08 de Fevereiro de 2022 est\u00e3o reunidos em planejamento pedag\u00f3gico do curso de Odontologia os seguintes professores: Prof\u00aa Sandra Teixeira Bittencourt, Prof\u00ba Humberto Nesi, Prof\u00aa Janaina Ghizoni, Prof\u00ba Marcelo Tom\u00e1s de Oliveira, Prof\u00ba Marcello Piacentini, Prof\u00ba Expedito Michels, Prof\u00aa Aires Ant\u00f4nio de Souza, Prof\u00ba Jos\u00e9 Cabral, Prof\u00ba Wilson Guilherme Nunes Rosa, Prof\u00ba Jorge Alexandre da Costa, Prof\u00aa Samantha Pereira Miguel, Prof\u00ba Vinicius Jos\u00e9 Maschio, Prof\u00aa Larissa Rocha De Bem, \u00a0Prof\u00aa Michelle Medeiros, Prof\u00ba Wladimir Pimenta, Prof\u00ba Alef Vermudt e o Prof\u00ba Diego Z. do Nascimento.<\/p>\n<p>&nbsp;<\/p>\n<p>O planejamento est\u00e1 sendo desenvolvido para melhor atender todos os alunos, trazendo assuntos e materiais importantes, e desenvolvendo o potencial de cada acad\u00eamico.<\/p>\n<p>&nbsp;<\/p>\n<p>Vem se inscrever na Univinte! Aqui voc\u00ea tem pre\u00e7o justo e qualidade!<\/p>\n","protected":false},"excerpt":{"rendered":"<p>Na Univinte\/Fucap, voc\u00ea estuda e trabalha durante o dia. Nosso curso de ODONTOLOGIA \u00e9 NOTURNO. &nbsp; Conhe\u00e7a nossos mestres: &nbsp; Hoje, dia 08 de Fevereiro de 2022 est\u00e3o reunidos em planejamento pedag\u00f3gico do curso de Odontologia os seguintes professores: Prof\u00aa Sandra Teixeira Bittencourt, Prof\u00ba Humberto Nesi, Prof\u00aa Janaina Ghizoni, Prof\u00ba Marcelo Tom\u00e1s de Oliveira, Prof\u00ba [&hellip;]<\/p>\n","protected":false},"author":2,"featured_media":6364,"comment_status":"closed","ping_status":"open","sticky":false,"template":"","format":"standard","meta":{"site-sidebar-layout":"default","site-content-layout":"","ast-site-content-layout":"default","site-content-style":"default","site-sidebar-style":"default","ast-global-header-display":"","ast-banner-title-visibility":"","ast-main-header-display":"","ast-hfb-above-header-display":"","ast-hfb-below-header-display":"","ast-hfb-mobile-header-display":"","site-post-title":"","ast-breadcrumbs-content":"","ast-featured-img":"","footer-sml-layout":"","ast-disable-related-posts":"","theme-transparent-header-meta":"","adv-header-id-meta":"","stick-header-meta":"","header-above-stick-meta":"","header-main-stick-meta":"","header-below-stick-meta":"","astra-migrate-meta-layouts":"default","ast-page-background-enabled":"default","ast-page-background-meta":{"desktop":{"background-color":"var(--ast-global-color-4)","background-image":"","background-repeat":"repeat","background-position":"center center","background-size":"auto","background-attachment":"scroll","background-type":"","background-media":"","overlay-type":"","overlay-color":"","overlay-opacity":"","overlay-gradient":""},"tablet":{"background-color":"","background-image":"","background-repeat":"repeat","background-position":"center center","background-size":"auto","background-attachment":"scroll","background-type":"","background-media":"","overlay-type":"","overlay-color":"","overlay-opacity":"","overlay-gradient":""},"mobile":{"background-color":"","background-image":"","background-repeat":"repeat","background-position":"center center","background-size":"auto","background-attachment":"scroll","background-type":"","background-media":"","overlay-type":"","overlay-color":"","overlay-opacity":"","overlay-gradient":""}},"ast-content-background-meta":{"desktop":{"background-color":"var(--ast-global-color-5)","background-image":"","background-repeat":"repeat","background-position":"center center","background-size":"auto","background-attachment":"scroll","background-type":"","background-media":"","overlay-type":"","overlay-color":"","overlay-opacity":"","overlay-gradient":""},"tablet":{"background-color":"var(--ast-global-color-5)","background-image":"","background-repeat":"repeat","background-position":"center center","background-size":"auto","background-attachment":"scroll","background-type":"","background-media":"","overlay-type":"","overlay-color":"","overlay-opacity":"","overlay-gradient":""},"mobile":{"background-color":"var(--ast-global-color-5)","background-image":"","background-repeat":"repeat","background-position":"center center","background-size":"auto","background-attachment":"scroll","background-type":"","background-media":"","overlay-type":"","overlay-color":"","overlay-opacity":"","overlay-gradient":""}},"ngg_post_thumbnail":0,"footnotes":""},"categories":[5],"tags":[159,160,154,161,9,24,162,163,13],"class_list":["post-6363","post","type-post","status-publish","format-standard","has-post-thumbnail","hentry","category-noticia","tag-capacitacao","tag-capivaridebaixo","tag-centro-universitario","tag-formacao-pedagogica","tag-fucap","tag-graduacao","tag-inicio-de-aula","tag-odontologia","tag-univinte"],"rttpg_featured_image_url":{"full":["https:\/\/univinte.edu.br\/portal\/wp-content\/uploads\/2022\/02\/WhatsApp-Image-2022-02-08-at-21.04.45.jpeg",1600,901,false],"landscape":["https:\/\/univinte.edu.br\/portal\/wp-content\/uploads\/2022\/02\/WhatsApp-Image-2022-02-08-at-21.04.45.jpeg",1600,901,false],"portraits":["https:\/\/univinte.edu.br\/portal\/wp-content\/uploads\/2022\/02\/WhatsApp-Image-2022-02-08-at-21.04.45.jpeg",1600,901,false],"thumbnail":["https:\/\/univinte.edu.br\/portal\/wp-content\/uploads\/2022\/02\/WhatsApp-Image-2022-02-08-at-21.04.45-150x150.jpeg",150,150,true],"medium":["https:\/\/univinte.edu.br\/portal\/wp-content\/uploads\/2022\/02\/WhatsApp-Image-2022-02-08-at-21.04.45-300x169.jpeg",300,169,true],"large":["https:\/\/univinte.edu.br\/portal\/wp-content\/uploads\/2022\/02\/WhatsApp-Image-2022-02-08-at-21.04.45-1024x577.jpeg",1024,577,true],"1536x1536":["https:\/\/univinte.edu.br\/portal\/wp-content\/uploads\/2022\/02\/WhatsApp-Image-2022-02-08-at-21.04.45-1536x865.jpeg",1536,865,true],"2048x2048":["https:\/\/univinte.edu.br\/portal\/wp-content\/uploads\/2022\/02\/WhatsApp-Image-2022-02-08-at-21.04.45.jpeg",1600,901,false]},"rttpg_author":{"display_name":"Katruy Assun\u00e7\u00e3o","author_link":"https:\/\/univinte.edu.br\/portal\/author\/katruy\/"},"rttpg_comment":0,"rttpg_category":"<a href=\"https:\/\/univinte.edu.br\/portal\/category\/noticia\/\" rel=\"category tag\">Not\u00edcias<\/a>","rttpg_excerpt":"Na Univinte\/Fucap, voc\u00ea estuda e trabalha durante o dia. Nosso curso de ODONTOLOGIA \u00e9 NOTURNO. &nbsp; Conhe\u00e7a nossos mestres: &nbsp; Hoje, dia 08 de Fevereiro de 2022 est\u00e3o reunidos em planejamento pedag\u00f3gico do curso de Odontologia os seguintes professores: Prof\u00aa Sandra Teixeira Bittencourt, Prof\u00ba Humberto Nesi, Prof\u00aa Janaina Ghizoni, Prof\u00ba Marcelo Tom\u00e1s de Oliveira, Prof\u00ba&hellip;","_links":{"self":[{"href":"https:\/\/univinte.edu.br\/portal\/wp-json\/wp\/v2\/posts\/6363","targetHints":{"allow":["GET"]}}],"collection":[{"href":"https:\/\/univinte.edu.br\/portal\/wp-json\/wp\/v2\/posts"}],"about":[{"href":"https:\/\/univinte.edu.br\/portal\/wp-json\/wp\/v2\/types\/post"}],"author":[{"embeddable":true,"href":"https:\/\/univinte.edu.br\/portal\/wp-json\/wp\/v2\/users\/2"}],"replies":[{"embeddable":true,"href":"https:\/\/univinte.edu.br\/portal\/wp-json\/wp\/v2\/comments?post=6363"}],"version-history":[{"count":0,"href":"https:\/\/univinte.edu.br\/portal\/wp-json\/wp\/v2\/posts\/6363\/revisions"}],"wp:featuredmedia":[{"embeddable":true,"href":"https:\/\/univinte.edu.br\/portal\/wp-json\/wp\/v2\/media\/6364"}],"wp:attachment":[{"href":"https:\/\/univinte.edu.br\/portal\/wp-json\/wp\/v2\/media?parent=6363"}],"wp:term":[{"taxonomy":"category","embeddable":true,"href":"https:\/\/univinte.edu.br\/portal\/wp-json\/wp\/v2\/categories?post=6363"},{"taxonomy":"post_tag","embeddable":true,"href":"https:\/\/univinte.edu.br\/portal\/wp-json\/wp\/v2\/tags?post=6363"}],"curies":[{"name":"wp","href":"https:\/\/api.w.org\/{rel}","templated":true}]}}