{"id":6679,"date":"2022-03-22T19:57:47","date_gmt":"2022-03-22T22:57:47","guid":{"rendered":"http:\/\/univinte.edu.br\/portal\/index.php\/2022\/03\/22\/prefeitura-de-sangao-estuda-a-implantacao-de-polo-universitario-na-cidade\/"},"modified":"2022-03-22T19:57:47","modified_gmt":"2022-03-22T22:57:47","slug":"prefeitura-de-sangao-estuda-a-implantacao-de-polo-universitario-na-cidade","status":"publish","type":"post","link":"https:\/\/univinte.edu.br\/portal\/prefeitura-de-sangao-estuda-a-implantacao-de-polo-universitario-na-cidade\/","title":{"rendered":"Prefeitura de Sang\u00e3o estuda a implanta\u00e7\u00e3o de Polo Universit\u00e1rio na cidade"},"content":{"rendered":"<p>Repostado: @sangao_noticias<\/p>\n<p>Prefeitura de Sang\u00e3o estuda a implanta\u00e7\u00e3o de Polo Universit\u00e1rio na cidade<\/p>\n<p>O o munic\u00edpio de Sang\u00e3o est\u00e1 estudando a possibilidade de ter um polo da Universidade Fucap e recebeu na tarde desta segunda-feira (21), o reitor da FUCAP SUL (Centro Universit\u00e1rio UNIVINTE), Expedito Michels e o professor Ant\u00f4nio A. Minghetti, na Prefeitura Municipal de Sang\u00e3o, a visita se deu por solicita\u00e7\u00e3o do prefeito Castilho Silvano Vieira e a Secret\u00e1ria de Educa\u00e7\u00e3o, Esporte, Cultura e Turismo, Marieli Eva Pereira dos Santos, para uma conversa, tamb\u00e9m esteve presente na reuni\u00e3o a Diretora Administrativa, Suzana Tib\u00farcio, o objetivo deste encontro foi trocar ideias e estudar a possibilidade de abrir um polo no munic\u00edpio, com a disponibilidade de diversos cursos.<\/p>\n<p>\u201cTudo est\u00e1 em estudo ainda, mas nosso objeto tamb\u00e9m \u00e9 de implantar aulas de ROBOTICA para nossas crian\u00e7as das escolas municipais e estaduais\u201d, enfatiza Castilho.<\/p>\n<p>Para a secret\u00e1ria de educa\u00e7\u00e3o a implanta\u00e7\u00e3o deste polo em Sang\u00e3o \u00e9 muito positivo. \\&#8221;Oferecer cursos superiores e t\u00e9cnicos no nosso munic\u00edpio \u00e9 qualificar m\u00e3o de obra e possibilitar que os mun\u00edcipes tenham acesso a cursos sem precisar se deslocar para outras cidades\u201d, finalizo a secret\u00e1ria de educa\u00e7\u00e3o.<\/p>\n<p>**Deixar voc\u00ea bem informado, esse \u00e9 o objetivo do Sang\u00e3o Not\u00edcias . Tamb\u00e9m levar informa\u00e7\u00f5es aos internautas por meio do aplicativo WhatsApp.<\/p>\n<p>Para ter acesso ao servi\u00e7o basta clicar em um dos links abaixo para come\u00e7ar a fazer parte de um dos grupos:<br \/>\nGrupo III: https:\/\/url.gratis\/4l4uNk<\/p>\n","protected":false},"excerpt":{"rendered":"<p>Repostado: @sangao_noticias Prefeitura de Sang\u00e3o estuda a implanta\u00e7\u00e3o de Polo Universit\u00e1rio na cidade O o munic\u00edpio de Sang\u00e3o est\u00e1 estudando a possibilidade de ter um polo da Universidade Fucap e recebeu na tarde desta segunda-feira (21), o reitor da FUCAP SUL (Centro Universit\u00e1rio UNIVINTE), Expedito Michels e o professor Ant\u00f4nio A. Minghetti, na Prefeitura Municipal [&hellip;]<\/p>\n","protected":false},"author":2,"featured_media":6550,"comment_status":"closed","ping_status":"open","sticky":false,"template":"","format":"standard","meta":{"site-sidebar-layout":"default","site-content-layout":"","ast-site-content-layout":"default","site-content-style":"default","site-sidebar-style":"default","ast-global-header-display":"","ast-banner-title-visibility":"","ast-main-header-display":"","ast-hfb-above-header-display":"","ast-hfb-below-header-display":"","ast-hfb-mobile-header-display":"","site-post-title":"","ast-breadcrumbs-content":"","ast-featured-img":"","footer-sml-layout":"","ast-disable-related-posts":"","theme-transparent-header-meta":"","adv-header-id-meta":"","stick-header-meta":"","header-above-stick-meta":"","header-main-stick-meta":"","header-below-stick-meta":"","astra-migrate-meta-layouts":"default","ast-page-background-enabled":"default","ast-page-background-meta":{"desktop":{"background-color":"var(--ast-global-color-4)","background-image":"","background-repeat":"repeat","background-position":"center center","background-size":"auto","background-attachment":"scroll","background-type":"","background-media":"","overlay-type":"","overlay-color":"","overlay-opacity":"","overlay-gradient":""},"tablet":{"background-color":"","background-image":"","background-repeat":"repeat","background-position":"center center","background-size":"auto","background-attachment":"scroll","background-type":"","background-media":"","overlay-type":"","overlay-color":"","overlay-opacity":"","overlay-gradient":""},"mobile":{"background-color":"","background-image":"","background-repeat":"repeat","background-position":"center center","background-size":"auto","background-attachment":"scroll","background-type":"","background-media":"","overlay-type":"","overlay-color":"","overlay-opacity":"","overlay-gradient":""}},"ast-content-background-meta":{"desktop":{"background-color":"var(--ast-global-color-5)","background-image":"","background-repeat":"repeat","background-position":"center center","background-size":"auto","background-attachment":"scroll","background-type":"","background-media":"","overlay-type":"","overlay-color":"","overlay-opacity":"","overlay-gradient":""},"tablet":{"background-color":"var(--ast-global-color-5)","background-image":"","background-repeat":"repeat","background-position":"center center","background-size":"auto","background-attachment":"scroll","background-type":"","background-media":"","overlay-type":"","overlay-color":"","overlay-opacity":"","overlay-gradient":""},"mobile":{"background-color":"var(--ast-global-color-5)","background-image":"","background-repeat":"repeat","background-position":"center center","background-size":"auto","background-attachment":"scroll","background-type":"","background-media":"","overlay-type":"","overlay-color":"","overlay-opacity":"","overlay-gradient":""}},"ngg_post_thumbnail":0,"footnotes":""},"categories":[5],"tags":[181,154,82,67,9,182,183,184,13],"class_list":["post-6679","post","type-post","status-publish","format-standard","has-post-thumbnail","hentry","category-noticia","tag-capivari-de-baixo","tag-centro-universitario","tag-educacao","tag-ensino","tag-fucap","tag-polo","tag-polo-unviersitario","tag-sangao","tag-univinte"],"rttpg_featured_image_url":null,"rttpg_author":{"display_name":"Katruy Assun\u00e7\u00e3o","author_link":"https:\/\/univinte.edu.br\/portal\/author\/katruy\/"},"rttpg_comment":0,"rttpg_category":"<a href=\"https:\/\/univinte.edu.br\/portal\/category\/noticia\/\" rel=\"category tag\">Not\u00edcias<\/a>","rttpg_excerpt":"Repostado: @sangao_noticias Prefeitura de Sang\u00e3o estuda a implanta\u00e7\u00e3o de Polo Universit\u00e1rio na cidade O o munic\u00edpio de Sang\u00e3o est\u00e1 estudando a possibilidade de ter um polo da Universidade Fucap e recebeu na tarde desta segunda-feira (21), o reitor da FUCAP SUL (Centro Universit\u00e1rio UNIVINTE), Expedito Michels e o professor Ant\u00f4nio A. Minghetti, na Prefeitura Municipal&hellip;","_links":{"self":[{"href":"https:\/\/univinte.edu.br\/portal\/wp-json\/wp\/v2\/posts\/6679","targetHints":{"allow":["GET"]}}],"collection":[{"href":"https:\/\/univinte.edu.br\/portal\/wp-json\/wp\/v2\/posts"}],"about":[{"href":"https:\/\/univinte.edu.br\/portal\/wp-json\/wp\/v2\/types\/post"}],"author":[{"embeddable":true,"href":"https:\/\/univinte.edu.br\/portal\/wp-json\/wp\/v2\/users\/2"}],"replies":[{"embeddable":true,"href":"https:\/\/univinte.edu.br\/portal\/wp-json\/wp\/v2\/comments?post=6679"}],"version-history":[{"count":0,"href":"https:\/\/univinte.edu.br\/portal\/wp-json\/wp\/v2\/posts\/6679\/revisions"}],"wp:featuredmedia":[{"embeddable":true,"href":"https:\/\/univinte.edu.br\/portal\/wp-json\/"}],"wp:attachment":[{"href":"https:\/\/univinte.edu.br\/portal\/wp-json\/wp\/v2\/media?parent=6679"}],"wp:term":[{"taxonomy":"category","embeddable":true,"href":"https:\/\/univinte.edu.br\/portal\/wp-json\/wp\/v2\/categories?post=6679"},{"taxonomy":"post_tag","embeddable":true,"href":"https:\/\/univinte.edu.br\/portal\/wp-json\/wp\/v2\/tags?post=6679"}],"curies":[{"name":"wp","href":"https:\/\/api.w.org\/{rel}","templated":true}]}}