{"id":6681,"date":"2022-03-31T16:50:07","date_gmt":"2022-03-31T19:50:07","guid":{"rendered":"http:\/\/univinte.edu.br\/portal\/index.php\/2022\/03\/31\/npj-nucleo-de-pratica-juridica-univinte\/"},"modified":"2022-03-31T16:50:07","modified_gmt":"2022-03-31T19:50:07","slug":"npj-nucleo-de-pratica-juridica-univinte","status":"publish","type":"post","link":"https:\/\/univinte.edu.br\/portal\/npj-nucleo-de-pratica-juridica-univinte\/","title":{"rendered":"NPJ &#8211; N\u00facleo de Pr\u00e1tica Jur\u00eddica Univinte"},"content":{"rendered":"<p>Em 2019, com o intuito de proporcionar aos alunos do curso de Direito o exerc\u00edcio e o desenvolvimento das compet\u00eancias e habilidades no atendimento human\u00edstico, na confec\u00e7\u00e3o, leitura e compreens\u00e3o de pe\u00e7as jur\u00eddicas, criou-se o N\u00facleo de Pr\u00e1tica Jur\u00eddica \u2013 NPJ.<\/p>\n<p>Com a cria\u00e7\u00e3o deste N\u00facleo, foi firmado conv\u00eanio com a Subse\u00e7\u00e3o de Tubar\u00e3o da Justi\u00e7a Federal para o assessoramento nas a\u00e7\u00f5es de medicamentos, o que \u00e9 desempenhado pelos alunos da disciplina de Pr\u00e1tica Jur\u00eddica I \u00e0queles que n\u00e3o possuem condi\u00e7\u00f5es de arcar com a contrata\u00e7\u00e3o de um advogado para o acesso ao Poder Judici\u00e1rio.<\/p>\n<p>Dessa forma, em decorr\u00eancia do conv\u00eanio firmado, o N\u00facleo de Pr\u00e1tica Jur\u00eddica do Centro Universit\u00e1rio Univinte j\u00e1 atendeu cerca de 500 pessoas residentes nos mais variados munic\u00edpios de abrang\u00eancia da Subse\u00e7\u00e3o de Tubar\u00e3o, dentre eles: Capivari de Baixo, Tubar\u00e3o, Armaz\u00e9m, Bra\u00e7o do Norte, Gr\u00e3o Par\u00e1, Gravatal, Jaguaruna, Pedras Grandes, Rio Fortuna, Sang\u00e3o, Santa Rosa de Lima, S\u00e3o Ludgero, S\u00e3o Martinho e Treze de Maio e busca, portanto, prestar-lhe assist\u00eancia jur\u00eddica para o ingresso de A\u00e7\u00f5es de Medicamentos de alto custo cuja obten\u00e7\u00e3o n\u00e3o lhes seria poss\u00edvel.<\/p>\n<p>A Coordenadora do N\u00facleo de Pr\u00e1tica Jur\u00eddica do Centro Universit\u00e1rio Univinte, professora Gabriela Fidelix de Souza, relatou que \u201co NPJ busca auxiliar aqueles que necessitam socorrer ao Poder Judici\u00e1rio para ver garantido o seu acesso \u00e0 sa\u00fade, direito garantido na Constitui\u00e7\u00e3o Federal. Dessa forma, atrav\u00e9s dos alunos da disciplina de Pr\u00e1tica Jur\u00eddica I, \u00e9 poss\u00edvel auxiliar diversas pessoas que necessitam de uma medica\u00e7\u00e3o que n\u00e3o \u00e9 fornecida pelo SUS e cuja aquisi\u00e7\u00e3o n\u00e3o seria poss\u00edvel em decorr\u00eancia do elevado custo do medicamento\u201d.<\/p>\n<p>Por fim, complementou que \u201ca atividade de atendimento e confec\u00e7\u00e3o de peti\u00e7\u00f5es processuais \u00e9 de suma import\u00e2ncia para o aluno da Univinte, uma vez que assim ele n\u00e3o ficar\u00e1 adstrito apenas a pr\u00e1tica de casos hipot\u00e9ticos, mas desenvolver\u00e1 o senso de responsabilidade e humanidade que \u00e9 esperada dos egressos do curso de Direito, e estar\u00e1 preparado, portanto, para o desempenho da atividade profissional que for por ele escolhida\u201d.<\/p>\n<p>Para a aluna do sexto semestre Beatriz Marcelino Alves \u201cO N\u00facleo de Pratica Jur\u00eddica da Univinte proporciona aos alunos a experi\u00eancia do atendimento ao p\u00fablico, de forma simples e din\u00e2mica, sempre com assist\u00eancia de professores, e nos tranquilizando para que n\u00e3o fiquemos nervosos. D\u00e1 aos alunos a oportunidade de ajudar o p\u00fablico da regi\u00e3o de forma gratuita para que possamos aprender a profiss\u00e3o da advocacia, mas tamb\u00e9m ajudar aos necessitados com os pedidos de medicamentos. Em nenhum outro momento do curso teremos uma oportunidade de estar t\u00e3o pr\u00f3ximo ao exerc\u00edcio da profiss\u00e3o, fazendo com que a Univinte forme profissionais capacitados e com experi\u00eancia para o mundo\u201d.<\/p>\n<p>&nbsp;<\/p>\n","protected":false},"excerpt":{"rendered":"<p>Em 2019, com o intuito de proporcionar aos alunos do curso de Direito o exerc\u00edcio e o desenvolvimento das compet\u00eancias e habilidades no atendimento human\u00edstico, na confec\u00e7\u00e3o, leitura e compreens\u00e3o de pe\u00e7as jur\u00eddicas, criou-se o N\u00facleo de Pr\u00e1tica Jur\u00eddica \u2013 NPJ. Com a cria\u00e7\u00e3o deste N\u00facleo, foi firmado conv\u00eanio com a Subse\u00e7\u00e3o de Tubar\u00e3o da [&hellip;]<\/p>\n","protected":false},"author":2,"featured_media":6566,"comment_status":"closed","ping_status":"open","sticky":false,"template":"","format":"standard","meta":{"site-sidebar-layout":"default","site-content-layout":"","ast-site-content-layout":"default","site-content-style":"default","site-sidebar-style":"default","ast-global-header-display":"","ast-banner-title-visibility":"","ast-main-header-display":"","ast-hfb-above-header-display":"","ast-hfb-below-header-display":"","ast-hfb-mobile-header-display":"","site-post-title":"","ast-breadcrumbs-content":"","ast-featured-img":"","footer-sml-layout":"","ast-disable-related-posts":"","theme-transparent-header-meta":"","adv-header-id-meta":"","stick-header-meta":"","header-above-stick-meta":"","header-main-stick-meta":"","header-below-stick-meta":"","astra-migrate-meta-layouts":"default","ast-page-background-enabled":"default","ast-page-background-meta":{"desktop":{"background-color":"var(--ast-global-color-4)","background-image":"","background-repeat":"repeat","background-position":"center center","background-size":"auto","background-attachment":"scroll","background-type":"","background-media":"","overlay-type":"","overlay-color":"","overlay-opacity":"","overlay-gradient":""},"tablet":{"background-color":"","background-image":"","background-repeat":"repeat","background-position":"center center","background-size":"auto","background-attachment":"scroll","background-type":"","background-media":"","overlay-type":"","overlay-color":"","overlay-opacity":"","overlay-gradient":""},"mobile":{"background-color":"","background-image":"","background-repeat":"repeat","background-position":"center center","background-size":"auto","background-attachment":"scroll","background-type":"","background-media":"","overlay-type":"","overlay-color":"","overlay-opacity":"","overlay-gradient":""}},"ast-content-background-meta":{"desktop":{"background-color":"var(--ast-global-color-5)","background-image":"","background-repeat":"repeat","background-position":"center center","background-size":"auto","background-attachment":"scroll","background-type":"","background-media":"","overlay-type":"","overlay-color":"","overlay-opacity":"","overlay-gradient":""},"tablet":{"background-color":"var(--ast-global-color-5)","background-image":"","background-repeat":"repeat","background-position":"center center","background-size":"auto","background-attachment":"scroll","background-type":"","background-media":"","overlay-type":"","overlay-color":"","overlay-opacity":"","overlay-gradient":""},"mobile":{"background-color":"var(--ast-global-color-5)","background-image":"","background-repeat":"repeat","background-position":"center center","background-size":"auto","background-attachment":"scroll","background-type":"","background-media":"","overlay-type":"","overlay-color":"","overlay-opacity":"","overlay-gradient":""}},"ngg_post_thumbnail":0,"footnotes":""},"categories":[5],"tags":[38,9,24,187,188,189,13],"class_list":["post-6681","post","type-post","status-publish","format-standard","has-post-thumbnail","hentry","category-noticia","tag-direito","tag-fucap","tag-graduacao","tag-graducao","tag-npj","tag-nucleo-de-pratica-juridica","tag-univinte"],"rttpg_featured_image_url":null,"rttpg_author":{"display_name":"Katruy Assun\u00e7\u00e3o","author_link":"https:\/\/univinte.edu.br\/portal\/author\/katruy\/"},"rttpg_comment":0,"rttpg_category":"<a href=\"https:\/\/univinte.edu.br\/portal\/category\/noticia\/\" rel=\"category tag\">Not\u00edcias<\/a>","rttpg_excerpt":"Em 2019, com o intuito de proporcionar aos alunos do curso de Direito o exerc\u00edcio e o desenvolvimento das compet\u00eancias e habilidades no atendimento human\u00edstico, na confec\u00e7\u00e3o, leitura e compreens\u00e3o de pe\u00e7as jur\u00eddicas, criou-se o N\u00facleo de Pr\u00e1tica Jur\u00eddica \u2013 NPJ. Com a cria\u00e7\u00e3o deste N\u00facleo, foi firmado conv\u00eanio com a Subse\u00e7\u00e3o de Tubar\u00e3o da&hellip;","_links":{"self":[{"href":"https:\/\/univinte.edu.br\/portal\/wp-json\/wp\/v2\/posts\/6681","targetHints":{"allow":["GET"]}}],"collection":[{"href":"https:\/\/univinte.edu.br\/portal\/wp-json\/wp\/v2\/posts"}],"about":[{"href":"https:\/\/univinte.edu.br\/portal\/wp-json\/wp\/v2\/types\/post"}],"author":[{"embeddable":true,"href":"https:\/\/univinte.edu.br\/portal\/wp-json\/wp\/v2\/users\/2"}],"replies":[{"embeddable":true,"href":"https:\/\/univinte.edu.br\/portal\/wp-json\/wp\/v2\/comments?post=6681"}],"version-history":[{"count":0,"href":"https:\/\/univinte.edu.br\/portal\/wp-json\/wp\/v2\/posts\/6681\/revisions"}],"wp:featuredmedia":[{"embeddable":true,"href":"https:\/\/univinte.edu.br\/portal\/wp-json\/wp\/v2\/menu-items\/6566"}],"wp:attachment":[{"href":"https:\/\/univinte.edu.br\/portal\/wp-json\/wp\/v2\/media?parent=6681"}],"wp:term":[{"taxonomy":"category","embeddable":true,"href":"https:\/\/univinte.edu.br\/portal\/wp-json\/wp\/v2\/categories?post=6681"},{"taxonomy":"post_tag","embeddable":true,"href":"https:\/\/univinte.edu.br\/portal\/wp-json\/wp\/v2\/tags?post=6681"}],"curies":[{"name":"wp","href":"https:\/\/api.w.org\/{rel}","templated":true}]}}