{"id":6684,"date":"2022-05-02T19:17:14","date_gmt":"2022-05-02T22:17:14","guid":{"rendered":"http:\/\/univinte.edu.br\/portal\/index.php\/2022\/05\/02\/composicao-da-reitoria-univinte-cleusa-claudino-machado\/"},"modified":"2022-05-02T19:17:14","modified_gmt":"2022-05-02T22:17:14","slug":"composicao-da-reitoria-univinte-cleusa-claudino-machado","status":"publish","type":"post","link":"https:\/\/univinte.edu.br\/portal\/composicao-da-reitoria-univinte-cleusa-claudino-machado\/","title":{"rendered":"Composi\u00e7\u00e3o da Reitoria Univinte &#8211; Cleusa Claudino Machado"},"content":{"rendered":"<p>&nbsp;<\/p>\n<p>Para a composi\u00e7\u00e3o da Reitoria \u2013 Univinte est\u00e1 a nossa colaboradora Cleusa Claudino Machado, natural de Armaz\u00e9m, formou-se em Administra\u00e7\u00e3o e realizou P\u00f3s-Gradua\u00e7\u00e3o em Administra\u00e7\u00e3o: Gest\u00e3o Financeira e de Pessoas, ambos no Centro Universit\u00e1rio Univinte. Foi bolsista para pagar seus estudos, e, sempre de bom humor conquistou o respeito de todos os coordenadores, atuando, atualmente, como secret\u00e1ria dos coordenadores dos cursos do Univinte.<\/p>\n<p>Destacou-se nos \u00faltimos anos por contribuir ativamente com a gest\u00e3o dos recursos humanos, dando suporte sobre a sustentabilidade financeira e organizacional, maximizando os recursos operacionais da Institui\u00e7\u00e3o, o apoio aos alunos, professores e coordenadores dos cursos de forma harmoniosa, cred\u00eancia a Cleusa Claudino pela naturalidade e espontaneidade nos relacionamentos pessoais e profissionais.<\/p>\n<p>Na pr\u00f3xima semana, Cleusa afastar-se-\u00e1 da Institui\u00e7\u00e3o para dar \u00e0 luz a seu segundo filho. N\u00f3s, do Univinte, agradecemos \u00e0 colaboradora por todo esse tempo de parceria e desejamos que esta crian\u00e7a venha para trazer mais luz e amor.<\/p>\n","protected":false},"excerpt":{"rendered":"<p>&nbsp; Para a composi\u00e7\u00e3o da Reitoria \u2013 Univinte est\u00e1 a nossa colaboradora Cleusa Claudino Machado, natural de Armaz\u00e9m, formou-se em Administra\u00e7\u00e3o e realizou P\u00f3s-Gradua\u00e7\u00e3o em Administra\u00e7\u00e3o: Gest\u00e3o Financeira e de Pessoas, ambos no Centro Universit\u00e1rio Univinte. Foi bolsista para pagar seus estudos, e, sempre de bom humor conquistou o respeito de todos os coordenadores, atuando, [&hellip;]<\/p>\n","protected":false},"author":2,"featured_media":6641,"comment_status":"closed","ping_status":"open","sticky":false,"template":"","format":"standard","meta":{"site-sidebar-layout":"default","site-content-layout":"","ast-site-content-layout":"default","site-content-style":"default","site-sidebar-style":"default","ast-global-header-display":"","ast-banner-title-visibility":"","ast-main-header-display":"","ast-hfb-above-header-display":"","ast-hfb-below-header-display":"","ast-hfb-mobile-header-display":"","site-post-title":"","ast-breadcrumbs-content":"","ast-featured-img":"","footer-sml-layout":"","ast-disable-related-posts":"","theme-transparent-header-meta":"","adv-header-id-meta":"","stick-header-meta":"","header-above-stick-meta":"","header-main-stick-meta":"","header-below-stick-meta":"","astra-migrate-meta-layouts":"default","ast-page-background-enabled":"default","ast-page-background-meta":{"desktop":{"background-color":"var(--ast-global-color-4)","background-image":"","background-repeat":"repeat","background-position":"center center","background-size":"auto","background-attachment":"scroll","background-type":"","background-media":"","overlay-type":"","overlay-color":"","overlay-opacity":"","overlay-gradient":""},"tablet":{"background-color":"","background-image":"","background-repeat":"repeat","background-position":"center center","background-size":"auto","background-attachment":"scroll","background-type":"","background-media":"","overlay-type":"","overlay-color":"","overlay-opacity":"","overlay-gradient":""},"mobile":{"background-color":"","background-image":"","background-repeat":"repeat","background-position":"center center","background-size":"auto","background-attachment":"scroll","background-type":"","background-media":"","overlay-type":"","overlay-color":"","overlay-opacity":"","overlay-gradient":""}},"ast-content-background-meta":{"desktop":{"background-color":"var(--ast-global-color-5)","background-image":"","background-repeat":"repeat","background-position":"center center","background-size":"auto","background-attachment":"scroll","background-type":"","background-media":"","overlay-type":"","overlay-color":"","overlay-opacity":"","overlay-gradient":""},"tablet":{"background-color":"var(--ast-global-color-5)","background-image":"","background-repeat":"repeat","background-position":"center center","background-size":"auto","background-attachment":"scroll","background-type":"","background-media":"","overlay-type":"","overlay-color":"","overlay-opacity":"","overlay-gradient":""},"mobile":{"background-color":"var(--ast-global-color-5)","background-image":"","background-repeat":"repeat","background-position":"center center","background-size":"auto","background-attachment":"scroll","background-type":"","background-media":"","overlay-type":"","overlay-color":"","overlay-opacity":"","overlay-gradient":""}},"ngg_post_thumbnail":0,"footnotes":""},"categories":[5],"tags":[193,194,82,67,9,24,195,13],"class_list":["post-6684","post","type-post","status-publish","format-standard","has-post-thumbnail","hentry","category-noticia","tag-centrouniversitario","tag-coordenacao","tag-educacao","tag-ensino","tag-fucap","tag-graduacao","tag-reitoria","tag-univinte"],"rttpg_featured_image_url":{"full":["https:\/\/univinte.edu.br\/portal\/wp-content\/uploads\/2019\/08\/WhatsApp-Image-2019-08-26-at-18.44.32de-1.jpeg",1024,768,false],"landscape":["https:\/\/univinte.edu.br\/portal\/wp-content\/uploads\/2019\/08\/WhatsApp-Image-2019-08-26-at-18.44.32de-1.jpeg",1024,768,false],"portraits":["https:\/\/univinte.edu.br\/portal\/wp-content\/uploads\/2019\/08\/WhatsApp-Image-2019-08-26-at-18.44.32de-1.jpeg",1024,768,false],"thumbnail":["https:\/\/univinte.edu.br\/portal\/wp-content\/uploads\/2019\/08\/WhatsApp-Image-2019-08-26-at-18.44.32de-1-150x150.jpeg",150,150,true],"medium":["https:\/\/univinte.edu.br\/portal\/wp-content\/uploads\/2019\/08\/WhatsApp-Image-2019-08-26-at-18.44.32de-1-300x225.jpeg",300,225,true],"large":["https:\/\/univinte.edu.br\/portal\/wp-content\/uploads\/2019\/08\/WhatsApp-Image-2019-08-26-at-18.44.32de-1.jpeg",1024,768,false],"1536x1536":["https:\/\/univinte.edu.br\/portal\/wp-content\/uploads\/2019\/08\/WhatsApp-Image-2019-08-26-at-18.44.32de-1.jpeg",1024,768,false],"2048x2048":["https:\/\/univinte.edu.br\/portal\/wp-content\/uploads\/2019\/08\/WhatsApp-Image-2019-08-26-at-18.44.32de-1.jpeg",1024,768,false]},"rttpg_author":{"display_name":"Katruy Assun\u00e7\u00e3o","author_link":"https:\/\/univinte.edu.br\/portal\/author\/katruy\/"},"rttpg_comment":0,"rttpg_category":"<a href=\"https:\/\/univinte.edu.br\/portal\/category\/noticia\/\" rel=\"category tag\">Not\u00edcias<\/a>","rttpg_excerpt":"&nbsp; Para a composi\u00e7\u00e3o da Reitoria \u2013 Univinte est\u00e1 a nossa colaboradora Cleusa Claudino Machado, natural de Armaz\u00e9m, formou-se em Administra\u00e7\u00e3o e realizou P\u00f3s-Gradua\u00e7\u00e3o em Administra\u00e7\u00e3o: Gest\u00e3o Financeira e de Pessoas, ambos no Centro Universit\u00e1rio Univinte. Foi bolsista para pagar seus estudos, e, sempre de bom humor conquistou o respeito de todos os coordenadores, atuando,&hellip;","_links":{"self":[{"href":"https:\/\/univinte.edu.br\/portal\/wp-json\/wp\/v2\/posts\/6684","targetHints":{"allow":["GET"]}}],"collection":[{"href":"https:\/\/univinte.edu.br\/portal\/wp-json\/wp\/v2\/posts"}],"about":[{"href":"https:\/\/univinte.edu.br\/portal\/wp-json\/wp\/v2\/types\/post"}],"author":[{"embeddable":true,"href":"https:\/\/univinte.edu.br\/portal\/wp-json\/wp\/v2\/users\/2"}],"replies":[{"embeddable":true,"href":"https:\/\/univinte.edu.br\/portal\/wp-json\/wp\/v2\/comments?post=6684"}],"version-history":[{"count":0,"href":"https:\/\/univinte.edu.br\/portal\/wp-json\/wp\/v2\/posts\/6684\/revisions"}],"wp:featuredmedia":[{"embeddable":true,"href":"https:\/\/univinte.edu.br\/portal\/wp-json\/wp\/v2\/media\/6641"}],"wp:attachment":[{"href":"https:\/\/univinte.edu.br\/portal\/wp-json\/wp\/v2\/media?parent=6684"}],"wp:term":[{"taxonomy":"category","embeddable":true,"href":"https:\/\/univinte.edu.br\/portal\/wp-json\/wp\/v2\/categories?post=6684"},{"taxonomy":"post_tag","embeddable":true,"href":"https:\/\/univinte.edu.br\/portal\/wp-json\/wp\/v2\/tags?post=6684"}],"curies":[{"name":"wp","href":"https:\/\/api.w.org\/{rel}","templated":true}]}}