{"id":6685,"date":"2022-05-02T19:27:47","date_gmt":"2022-05-02T22:27:47","guid":{"rendered":"http:\/\/univinte.edu.br\/portal\/index.php\/2022\/05\/02\/prof-a-joana-darc-de-souza-assume-pro-reitoria-de-desenvolvimento-humano-do-centro-universitario-univinte\/"},"modified":"2022-05-02T19:27:47","modified_gmt":"2022-05-02T22:27:47","slug":"prof-a-joana-darc-de-souza-assume-pro-reitoria-de-desenvolvimento-humano-do-centro-universitario-univinte","status":"publish","type":"post","link":"https:\/\/univinte.edu.br\/portal\/prof-a-joana-darc-de-souza-assume-pro-reitoria-de-desenvolvimento-humano-do-centro-universitario-univinte\/","title":{"rendered":"Prof.\u00aa Joana D\u00c1rc de Souza assume Pr\u00f3 &#8211; Reitoria de Desenvolvimento Humano do Centro Universit\u00e1rio Univinte"},"content":{"rendered":"<p>A Prof.\u00aa Joana D\u00c1rc de Souza assume Pr\u00f3 &#8211; Reitoria de Desenvolvimento Humano do Centro Universit\u00e1rio Univinte.<br \/>\nProf.\u00aa Joana D\u00c1rc de Souza, \u00e9 formada em Gradua\u00e7\u00e3o em Filosofia pela (FESSC), Letras pela (UNISUL), na qual concluiu tamb\u00e9m gradua\u00e7\u00e3o em Direito.<\/p>\n<p>Possui Especializa\u00e7\u00f5es em Psicologia Educacional, L\u00edngua Portuguesa-Letras e Comunica\u00e7\u00e3o Social. Mestrado em Ci\u00eancias da Linguagem (UNISUL). Doutoranda em Filosofia pela Pontif\u00edcia Universidade Cat\u00f3lica do Rio Grande do Sul- PUCRS. Atualmente \u00e9 docente e Coordenadora do Curso de Pedagogia do Univinte, SC. Experi\u00eancia e campo de atua\u00e7\u00e3o nas \u00e1reas de Educa\u00e7\u00e3o, Pedagogia, Filosofia, Direito e Letras.<\/p>\n<p>\u201cProcurarei, com responsabilidade e \u00e9tica, retribuir a confian\u00e7a que me \u00e9 atribu\u00edda aos compromissos que competem \u00e0 fun\u00e7\u00e3o de Pr\u00f3-reitora de Desenvolvimento Humano. Por n\u00e3o estar sozinha, pois sei que minha for\u00e7a vem da grande equipe UNIVINTE, prometo dedica\u00e7\u00e3o e comprometimento a nova fun\u00e7\u00e3o que me \u00e9 confiada. Agrade\u00e7o, por estar neste lugar, onde o UNIVINTE come\u00e7a a escrever uma nova hist\u00f3ria para todos. Assim, compartilho meu cora\u00e7\u00e3o cheio de alegria e gratid\u00e3o!<br \/>\nMuito obrigada!\u201d comentou Joana D\u00c1rc de Souza.<\/p>\n","protected":false},"excerpt":{"rendered":"<p>A Prof.\u00aa Joana D\u00c1rc de Souza assume Pr\u00f3 &#8211; Reitoria de Desenvolvimento Humano do Centro Universit\u00e1rio Univinte. Prof.\u00aa Joana D\u00c1rc de Souza, \u00e9 formada em Gradua\u00e7\u00e3o em Filosofia pela (FESSC), Letras pela (UNISUL), na qual concluiu tamb\u00e9m gradua\u00e7\u00e3o em Direito. Possui Especializa\u00e7\u00f5es em Psicologia Educacional, L\u00edngua Portuguesa-Letras e Comunica\u00e7\u00e3o Social. Mestrado em Ci\u00eancias da Linguagem [&hellip;]<\/p>\n","protected":false},"author":2,"featured_media":6644,"comment_status":"closed","ping_status":"open","sticky":false,"template":"","format":"standard","meta":{"site-sidebar-layout":"default","site-content-layout":"","ast-site-content-layout":"default","site-content-style":"default","site-sidebar-style":"default","ast-global-header-display":"","ast-banner-title-visibility":"","ast-main-header-display":"","ast-hfb-above-header-display":"","ast-hfb-below-header-display":"","ast-hfb-mobile-header-display":"","site-post-title":"","ast-breadcrumbs-content":"","ast-featured-img":"","footer-sml-layout":"","ast-disable-related-posts":"","theme-transparent-header-meta":"","adv-header-id-meta":"","stick-header-meta":"","header-above-stick-meta":"","header-main-stick-meta":"","header-below-stick-meta":"","astra-migrate-meta-layouts":"default","ast-page-background-enabled":"default","ast-page-background-meta":{"desktop":{"background-color":"var(--ast-global-color-4)","background-image":"","background-repeat":"repeat","background-position":"center center","background-size":"auto","background-attachment":"scroll","background-type":"","background-media":"","overlay-type":"","overlay-color":"","overlay-opacity":"","overlay-gradient":""},"tablet":{"background-color":"","background-image":"","background-repeat":"repeat","background-position":"center center","background-size":"auto","background-attachment":"scroll","background-type":"","background-media":"","overlay-type":"","overlay-color":"","overlay-opacity":"","overlay-gradient":""},"mobile":{"background-color":"","background-image":"","background-repeat":"repeat","background-position":"center center","background-size":"auto","background-attachment":"scroll","background-type":"","background-media":"","overlay-type":"","overlay-color":"","overlay-opacity":"","overlay-gradient":""}},"ast-content-background-meta":{"desktop":{"background-color":"var(--ast-global-color-5)","background-image":"","background-repeat":"repeat","background-position":"center center","background-size":"auto","background-attachment":"scroll","background-type":"","background-media":"","overlay-type":"","overlay-color":"","overlay-opacity":"","overlay-gradient":""},"tablet":{"background-color":"var(--ast-global-color-5)","background-image":"","background-repeat":"repeat","background-position":"center center","background-size":"auto","background-attachment":"scroll","background-type":"","background-media":"","overlay-type":"","overlay-color":"","overlay-opacity":"","overlay-gradient":""},"mobile":{"background-color":"var(--ast-global-color-5)","background-image":"","background-repeat":"repeat","background-position":"center center","background-size":"auto","background-attachment":"scroll","background-type":"","background-media":"","overlay-type":"","overlay-color":"","overlay-opacity":"","overlay-gradient":""}},"ngg_post_thumbnail":0,"footnotes":""},"categories":[5],"tags":[193,67,9,24,13],"class_list":["post-6685","post","type-post","status-publish","format-standard","has-post-thumbnail","hentry","category-noticia","tag-centrouniversitario","tag-ensino","tag-fucap","tag-graduacao","tag-univinte"],"rttpg_featured_image_url":{"full":["https:\/\/univinte.edu.br\/portal\/wp-content\/uploads\/2019\/08\/WhatsApp-Image-2019-08-26-at-18.44.33zq-1.jpeg",1024,768,false],"landscape":["https:\/\/univinte.edu.br\/portal\/wp-content\/uploads\/2019\/08\/WhatsApp-Image-2019-08-26-at-18.44.33zq-1.jpeg",1024,768,false],"portraits":["https:\/\/univinte.edu.br\/portal\/wp-content\/uploads\/2019\/08\/WhatsApp-Image-2019-08-26-at-18.44.33zq-1.jpeg",1024,768,false],"thumbnail":["https:\/\/univinte.edu.br\/portal\/wp-content\/uploads\/2019\/08\/WhatsApp-Image-2019-08-26-at-18.44.33zq-1-150x150.jpeg",150,150,true],"medium":["https:\/\/univinte.edu.br\/portal\/wp-content\/uploads\/2019\/08\/WhatsApp-Image-2019-08-26-at-18.44.33zq-1-300x225.jpeg",300,225,true],"large":["https:\/\/univinte.edu.br\/portal\/wp-content\/uploads\/2019\/08\/WhatsApp-Image-2019-08-26-at-18.44.33zq-1.jpeg",1024,768,false],"1536x1536":["https:\/\/univinte.edu.br\/portal\/wp-content\/uploads\/2019\/08\/WhatsApp-Image-2019-08-26-at-18.44.33zq-1.jpeg",1024,768,false],"2048x2048":["https:\/\/univinte.edu.br\/portal\/wp-content\/uploads\/2019\/08\/WhatsApp-Image-2019-08-26-at-18.44.33zq-1.jpeg",1024,768,false]},"rttpg_author":{"display_name":"Katruy Assun\u00e7\u00e3o","author_link":"https:\/\/univinte.edu.br\/portal\/author\/katruy\/"},"rttpg_comment":0,"rttpg_category":"<a href=\"https:\/\/univinte.edu.br\/portal\/category\/noticia\/\" rel=\"category tag\">Not\u00edcias<\/a>","rttpg_excerpt":"A Prof.\u00aa Joana D\u00c1rc de Souza assume Pr\u00f3 &#8211; Reitoria de Desenvolvimento Humano do Centro Universit\u00e1rio Univinte. Prof.\u00aa Joana D\u00c1rc de Souza, \u00e9 formada em Gradua\u00e7\u00e3o em Filosofia pela (FESSC), Letras pela (UNISUL), na qual concluiu tamb\u00e9m gradua\u00e7\u00e3o em Direito. Possui Especializa\u00e7\u00f5es em Psicologia Educacional, L\u00edngua Portuguesa-Letras e Comunica\u00e7\u00e3o Social. Mestrado em Ci\u00eancias da Linguagem&hellip;","_links":{"self":[{"href":"https:\/\/univinte.edu.br\/portal\/wp-json\/wp\/v2\/posts\/6685","targetHints":{"allow":["GET"]}}],"collection":[{"href":"https:\/\/univinte.edu.br\/portal\/wp-json\/wp\/v2\/posts"}],"about":[{"href":"https:\/\/univinte.edu.br\/portal\/wp-json\/wp\/v2\/types\/post"}],"author":[{"embeddable":true,"href":"https:\/\/univinte.edu.br\/portal\/wp-json\/wp\/v2\/users\/2"}],"replies":[{"embeddable":true,"href":"https:\/\/univinte.edu.br\/portal\/wp-json\/wp\/v2\/comments?post=6685"}],"version-history":[{"count":0,"href":"https:\/\/univinte.edu.br\/portal\/wp-json\/wp\/v2\/posts\/6685\/revisions"}],"wp:featuredmedia":[{"embeddable":true,"href":"https:\/\/univinte.edu.br\/portal\/wp-json\/wp\/v2\/media\/6644"}],"wp:attachment":[{"href":"https:\/\/univinte.edu.br\/portal\/wp-json\/wp\/v2\/media?parent=6685"}],"wp:term":[{"taxonomy":"category","embeddable":true,"href":"https:\/\/univinte.edu.br\/portal\/wp-json\/wp\/v2\/categories?post=6685"},{"taxonomy":"post_tag","embeddable":true,"href":"https:\/\/univinte.edu.br\/portal\/wp-json\/wp\/v2\/tags?post=6685"}],"curies":[{"name":"wp","href":"https:\/\/api.w.org\/{rel}","templated":true}]}}