{"id":6986,"date":"2022-07-20T08:58:52","date_gmt":"2022-07-20T11:58:52","guid":{"rendered":"http:\/\/univinte.edu.br\/portal\/index.php\/2022\/07\/20\/recepcao-dos-alunos-matutino-2022-2\/"},"modified":"2022-09-12T08:22:04","modified_gmt":"2022-09-12T11:22:04","slug":"recepcao-dos-alunos-matutino-2022-2","status":"publish","type":"post","link":"https:\/\/univinte.edu.br\/portal\/recepcao-dos-alunos-matutino-2022-2\/","title":{"rendered":"Recepc\u00e3o dos Alunos Matutino 2022\/2"},"content":{"rendered":"<p>Relatada nas fotos, est\u00e1 a palestra de retorno as aulas realizada nessa segunda-feira, dia 18 de Julho, pelo Diretor Geral, Expedito Michels, no per\u00edodo Matutino, com a presen\u00e7a dos acad\u00eamicos dos cursos de Direito, Enfermagem e Psicologia, com intuito de motivar e contribuir com informa\u00e7\u00f5es para os pr\u00f3ximos passos dos mesmos dentro do Centro Universit\u00e1rio!<\/p>\n<p>&nbsp;<\/p>\n<p>&nbsp;<\/p>\n","protected":false},"excerpt":{"rendered":"<p>Relatada nas fotos, est\u00e1 a palestra de retorno as aulas realizada nessa segunda-feira, dia 18 de Julho, pelo Diretor Geral, Expedito Michels, no per\u00edodo Matutino, com a presen\u00e7a dos acad\u00eamicos dos cursos de Direito, Enfermagem e Psicologia, com intuito de motivar e contribuir com informa\u00e7\u00f5es para os pr\u00f3ximos passos dos mesmos dentro do Centro Universit\u00e1rio! [&hellip;]<\/p>\n","protected":false},"author":2,"featured_media":8843,"comment_status":"closed","ping_status":"open","sticky":false,"template":"","format":"standard","meta":{"site-sidebar-layout":"default","site-content-layout":"","ast-site-content-layout":"default","site-content-style":"default","site-sidebar-style":"default","ast-global-header-display":"","ast-banner-title-visibility":"","ast-main-header-display":"","ast-hfb-above-header-display":"","ast-hfb-below-header-display":"","ast-hfb-mobile-header-display":"","site-post-title":"","ast-breadcrumbs-content":"","ast-featured-img":"","footer-sml-layout":"","ast-disable-related-posts":"","theme-transparent-header-meta":"","adv-header-id-meta":"","stick-header-meta":"","header-above-stick-meta":"","header-main-stick-meta":"","header-below-stick-meta":"","astra-migrate-meta-layouts":"default","ast-page-background-enabled":"default","ast-page-background-meta":{"desktop":{"background-color":"var(--ast-global-color-4)","background-image":"","background-repeat":"repeat","background-position":"center center","background-size":"auto","background-attachment":"scroll","background-type":"","background-media":"","overlay-type":"","overlay-color":"","overlay-opacity":"","overlay-gradient":""},"tablet":{"background-color":"","background-image":"","background-repeat":"repeat","background-position":"center center","background-size":"auto","background-attachment":"scroll","background-type":"","background-media":"","overlay-type":"","overlay-color":"","overlay-opacity":"","overlay-gradient":""},"mobile":{"background-color":"","background-image":"","background-repeat":"repeat","background-position":"center center","background-size":"auto","background-attachment":"scroll","background-type":"","background-media":"","overlay-type":"","overlay-color":"","overlay-opacity":"","overlay-gradient":""}},"ast-content-background-meta":{"desktop":{"background-color":"var(--ast-global-color-5)","background-image":"","background-repeat":"repeat","background-position":"center center","background-size":"auto","background-attachment":"scroll","background-type":"","background-media":"","overlay-type":"","overlay-color":"","overlay-opacity":"","overlay-gradient":""},"tablet":{"background-color":"var(--ast-global-color-5)","background-image":"","background-repeat":"repeat","background-position":"center center","background-size":"auto","background-attachment":"scroll","background-type":"","background-media":"","overlay-type":"","overlay-color":"","overlay-opacity":"","overlay-gradient":""},"mobile":{"background-color":"var(--ast-global-color-5)","background-image":"","background-repeat":"repeat","background-position":"center center","background-size":"auto","background-attachment":"scroll","background-type":"","background-media":"","overlay-type":"","overlay-color":"","overlay-opacity":"","overlay-gradient":""}},"ngg_post_thumbnail":0,"footnotes":""},"categories":[5],"tags":[94,203,38,82,204,67,9,205,51,40,206,207,13],"class_list":["post-6986","post","type-post","status-publish","format-standard","has-post-thumbnail","hentry","category-noticia","tag-aulas","tag-confianca","tag-direito","tag-educacao","tag-enfermagem","tag-ensino","tag-fucap","tag-motivacional","tag-palestra","tag-psicologia","tag-responsaveis","tag-retorno","tag-univinte"],"rttpg_featured_image_url":{"full":["https:\/\/univinte.edu.br\/portal\/wp-content\/uploads\/2022\/07\/IMG_20220720_084744_705-1.webp",1440,1080,false],"landscape":["https:\/\/univinte.edu.br\/portal\/wp-content\/uploads\/2022\/07\/IMG_20220720_084744_705-1.webp",1440,1080,false],"portraits":["https:\/\/univinte.edu.br\/portal\/wp-content\/uploads\/2022\/07\/IMG_20220720_084744_705-1.webp",1440,1080,false],"thumbnail":["https:\/\/univinte.edu.br\/portal\/wp-content\/uploads\/2022\/07\/IMG_20220720_084744_705-1-150x150.webp",150,150,true],"medium":["https:\/\/univinte.edu.br\/portal\/wp-content\/uploads\/2022\/07\/IMG_20220720_084744_705-1-300x225.webp",300,225,true],"large":["https:\/\/univinte.edu.br\/portal\/wp-content\/uploads\/2022\/07\/IMG_20220720_084744_705-1-1024x768.webp",1024,768,true],"1536x1536":["https:\/\/univinte.edu.br\/portal\/wp-content\/uploads\/2022\/07\/IMG_20220720_084744_705-1.webp",1440,1080,false],"2048x2048":["https:\/\/univinte.edu.br\/portal\/wp-content\/uploads\/2022\/07\/IMG_20220720_084744_705-1.webp",1440,1080,false]},"rttpg_author":{"display_name":"Katruy Assun\u00e7\u00e3o","author_link":"https:\/\/univinte.edu.br\/portal\/author\/katruy\/"},"rttpg_comment":0,"rttpg_category":"<a href=\"https:\/\/univinte.edu.br\/portal\/category\/noticia\/\" rel=\"category tag\">Not\u00edcias<\/a>","rttpg_excerpt":"Relatada nas fotos, est\u00e1 a palestra de retorno as aulas realizada nessa segunda-feira, dia 18 de Julho, pelo Diretor Geral, Expedito Michels, no per\u00edodo Matutino, com a presen\u00e7a dos acad\u00eamicos dos cursos de Direito, Enfermagem e Psicologia, com intuito de motivar e contribuir com informa\u00e7\u00f5es para os pr\u00f3ximos passos dos mesmos dentro do Centro Universit\u00e1rio!&hellip;","_links":{"self":[{"href":"https:\/\/univinte.edu.br\/portal\/wp-json\/wp\/v2\/posts\/6986","targetHints":{"allow":["GET"]}}],"collection":[{"href":"https:\/\/univinte.edu.br\/portal\/wp-json\/wp\/v2\/posts"}],"about":[{"href":"https:\/\/univinte.edu.br\/portal\/wp-json\/wp\/v2\/types\/post"}],"author":[{"embeddable":true,"href":"https:\/\/univinte.edu.br\/portal\/wp-json\/wp\/v2\/users\/2"}],"replies":[{"embeddable":true,"href":"https:\/\/univinte.edu.br\/portal\/wp-json\/wp\/v2\/comments?post=6986"}],"version-history":[{"count":1,"href":"https:\/\/univinte.edu.br\/portal\/wp-json\/wp\/v2\/posts\/6986\/revisions"}],"predecessor-version":[{"id":8845,"href":"https:\/\/univinte.edu.br\/portal\/wp-json\/wp\/v2\/posts\/6986\/revisions\/8845"}],"wp:featuredmedia":[{"embeddable":true,"href":"https:\/\/univinte.edu.br\/portal\/wp-json\/wp\/v2\/media\/8843"}],"wp:attachment":[{"href":"https:\/\/univinte.edu.br\/portal\/wp-json\/wp\/v2\/media?parent=6986"}],"wp:term":[{"taxonomy":"category","embeddable":true,"href":"https:\/\/univinte.edu.br\/portal\/wp-json\/wp\/v2\/categories?post=6986"},{"taxonomy":"post_tag","embeddable":true,"href":"https:\/\/univinte.edu.br\/portal\/wp-json\/wp\/v2\/tags?post=6986"}],"curies":[{"name":"wp","href":"https:\/\/api.w.org\/{rel}","templated":true}]}}