{"id":8894,"date":"2022-06-28T21:18:05","date_gmt":"2022-06-29T00:18:05","guid":{"rendered":"http:\/\/univinte.edu.br\/portal\/index.php\/2022\/06\/28\/univinte-se-destaca-mais-uma-vez-a-instituicao-e-parte-importante-na-influencia-da-inclusao-de-deficientes-visuais-com-relato-da-academica-kely-andrade-de-moraes-do-5o-semestre-do-curso-de-psicologi\/"},"modified":"2022-09-12T08:41:00","modified_gmt":"2022-09-12T11:41:00","slug":"univinte-se-destaca-mais-uma-vez-a-instituicao-e-parte-importante-na-influencia-da-inclusao-de-deficientes-visuais-com-relato-da-academica-kely-andrade-de-moraes-do-5o-semestre-do-curso-de-psicologi","status":"publish","type":"post","link":"https:\/\/univinte.edu.br\/portal\/univinte-se-destaca-mais-uma-vez-a-instituicao-e-parte-importante-na-influencia-da-inclusao-de-deficientes-visuais-com-relato-da-academica-kely-andrade-de-moraes-do-5o-semestre-do-curso-de-psicologi\/","title":{"rendered":"Univinte se destaca mais uma vez! A institui\u00e7\u00e3o \u00e9 parte importante na influ\u00eancia da inclus\u00e3o de deficientes visuais. Com relato da acad\u00eamica Kely Andrade de Moraes do 5\u00ba Semestre do Curso de Psicologia."},"content":{"rendered":"<p>A defici\u00eancia visual \u00e9 uma doen\u00e7a que atinge cerca de 20.000 habitantes de SC (IBGE 2010), apesar disso a nossa sociedade ainda n\u00e3o est\u00e1 pronta totalmente para atend\u00ea-los em suas necessidades, tanto nas ruas quanto em pr\u00e9dios p\u00fablicos. Quando nos referimos a educa\u00e7\u00e3o, embora ainda encontrem obst\u00e1culos, muitos dos deficientes visuais ocupam cargos em diferentes setores que exigem escolaridade e treinamentos equivalentes aos de qualquer indiv\u00edduo.<\/p>\n<p>E \u00e9 nesse \u00e2mbito, que viemos salientar a grande influ\u00eancia que a vida acad\u00eamica trouxe a aluna Kely Andrade de Moraes do 5\u00ba Semestre do Curso de Psicologia do Centro Universit\u00e1rio Univinte (Faculdades Fucap). A aluna portadora de defici\u00eancia visual, vem desenvolvendo em sua vida acad\u00eamica uma trajet\u00f3ria envolta de aprendizado e desenvolvimento de projetos e eventos que possibilitem a integra\u00e7\u00e3o e inclus\u00e3o de deficientes visuais com a comunidade, utilizando dos conhecimentos obtidos em seu curso.<\/p>\n<p>\u201cN\u00e3o s\u00f3 como profissional, mas nas minhas quest\u00f5es pessoais, o estudo tem agregado muito na minha vida. A cada semestre \u00e9 um novo recome\u00e7o para mim. A cada semestre eu inicio diferente. [&#8230;] \u00c9 uma evolu\u00e7\u00e3o constante e isso \u00e9 devido ao estudo, a metodologia dos professores, a grade curricular, a tudo!\u201d Esse foi um dos relatos da aluna referente a atua\u00e7\u00e3o da institui\u00e7\u00e3o de ensino.<\/p>\n<p>Todos os ajustes foram feitos conforme o necessitado pela acad\u00eamica, desde quando iniciou seus estudos, a institui\u00e7\u00e3o foi se preparando e se adaptando construindo juntamente com ela o caminho correto para uma inclus\u00e3o total e completa.<\/p>\n<p>Com a colabora\u00e7\u00e3o da Kely, a institui\u00e7\u00e3o e seus profissionais, hoje ao receber uma pessoa com defici\u00eancia visual, est\u00e3o capacitados para atender essa demanda. A Univinte no momento conta em sua estrutura, com piso t\u00e1til, mapa em braile, vagas exclusivas, \u00e1udio books e programas de acessibilidade de computador.<\/p>\n<p>Atualmente, a estudante desenvolveu o evento \u201cI Encontro do curso de Psicologia da Univinte\u201d com um Jantar Dan\u00e7ante, que estar\u00e1 acontecendo nessa sexta-feira, dia 24 de Junho de 2022, na cidade de Laguna, com o intuito de imers\u00e3o na localidade e dissemina\u00e7\u00e3o da presen\u00e7a e influ\u00eancia do curso.<\/p>\n","protected":false},"excerpt":{"rendered":"<p>A defici\u00eancia visual \u00e9 uma doen\u00e7a que atinge cerca de 20.000 habitantes de SC (IBGE 2010), apesar disso a nossa sociedade ainda n\u00e3o est\u00e1 pronta totalmente para atend\u00ea-los em suas necessidades, tanto nas ruas quanto em pr\u00e9dios p\u00fablicos. Quando nos referimos a educa\u00e7\u00e3o, embora ainda encontrem obst\u00e1culos, muitos dos deficientes visuais ocupam cargos em diferentes [&hellip;]<\/p>\n","protected":false},"author":1,"featured_media":8898,"comment_status":"closed","ping_status":"open","sticky":false,"template":"","format":"standard","meta":{"site-sidebar-layout":"default","site-content-layout":"","ast-site-content-layout":"default","site-content-style":"default","site-sidebar-style":"default","ast-global-header-display":"","ast-banner-title-visibility":"","ast-main-header-display":"","ast-hfb-above-header-display":"","ast-hfb-below-header-display":"","ast-hfb-mobile-header-display":"","site-post-title":"","ast-breadcrumbs-content":"","ast-featured-img":"","footer-sml-layout":"","ast-disable-related-posts":"","theme-transparent-header-meta":"","adv-header-id-meta":"","stick-header-meta":"","header-above-stick-meta":"","header-main-stick-meta":"","header-below-stick-meta":"","astra-migrate-meta-layouts":"default","ast-page-background-enabled":"default","ast-page-background-meta":{"desktop":{"background-color":"var(--ast-global-color-4)","background-image":"","background-repeat":"repeat","background-position":"center center","background-size":"auto","background-attachment":"scroll","background-type":"","background-media":"","overlay-type":"","overlay-color":"","overlay-opacity":"","overlay-gradient":""},"tablet":{"background-color":"","background-image":"","background-repeat":"repeat","background-position":"center center","background-size":"auto","background-attachment":"scroll","background-type":"","background-media":"","overlay-type":"","overlay-color":"","overlay-opacity":"","overlay-gradient":""},"mobile":{"background-color":"","background-image":"","background-repeat":"repeat","background-position":"center center","background-size":"auto","background-attachment":"scroll","background-type":"","background-media":"","overlay-type":"","overlay-color":"","overlay-opacity":"","overlay-gradient":""}},"ast-content-background-meta":{"desktop":{"background-color":"var(--ast-global-color-5)","background-image":"","background-repeat":"repeat","background-position":"center center","background-size":"auto","background-attachment":"scroll","background-type":"","background-media":"","overlay-type":"","overlay-color":"","overlay-opacity":"","overlay-gradient":""},"tablet":{"background-color":"var(--ast-global-color-5)","background-image":"","background-repeat":"repeat","background-position":"center center","background-size":"auto","background-attachment":"scroll","background-type":"","background-media":"","overlay-type":"","overlay-color":"","overlay-opacity":"","overlay-gradient":""},"mobile":{"background-color":"var(--ast-global-color-5)","background-image":"","background-repeat":"repeat","background-position":"center center","background-size":"auto","background-attachment":"scroll","background-type":"","background-media":"","overlay-type":"","overlay-color":"","overlay-opacity":"","overlay-gradient":""}},"ngg_post_thumbnail":0,"footnotes":""},"categories":[5],"tags":[9,209,40,225],"class_list":["post-8894","post","type-post","status-publish","format-standard","has-post-thumbnail","hentry","category-noticia","tag-fucap","tag-inclusao","tag-psicologia","tag-univitne"],"rttpg_featured_image_url":{"full":["https:\/\/univinte.edu.br\/portal\/wp-content\/uploads\/2022\/06\/Picsart_22-06-24_09-31-43-776-640x361-2.webp",640,361,false],"landscape":["https:\/\/univinte.edu.br\/portal\/wp-content\/uploads\/2022\/06\/Picsart_22-06-24_09-31-43-776-640x361-2.webp",640,361,false],"portraits":["https:\/\/univinte.edu.br\/portal\/wp-content\/uploads\/2022\/06\/Picsart_22-06-24_09-31-43-776-640x361-2.webp",640,361,false],"thumbnail":["https:\/\/univinte.edu.br\/portal\/wp-content\/uploads\/2022\/06\/Picsart_22-06-24_09-31-43-776-640x361-2-150x150.webp",150,150,true],"medium":["https:\/\/univinte.edu.br\/portal\/wp-content\/uploads\/2022\/06\/Picsart_22-06-24_09-31-43-776-640x361-2-300x169.webp",300,169,true],"large":["https:\/\/univinte.edu.br\/portal\/wp-content\/uploads\/2022\/06\/Picsart_22-06-24_09-31-43-776-640x361-2.webp",640,361,false],"1536x1536":["https:\/\/univinte.edu.br\/portal\/wp-content\/uploads\/2022\/06\/Picsart_22-06-24_09-31-43-776-640x361-2.webp",640,361,false],"2048x2048":["https:\/\/univinte.edu.br\/portal\/wp-content\/uploads\/2022\/06\/Picsart_22-06-24_09-31-43-776-640x361-2.webp",640,361,false]},"rttpg_author":{"display_name":"contato","author_link":"https:\/\/univinte.edu.br\/portal\/author\/contato\/"},"rttpg_comment":0,"rttpg_category":"<a href=\"https:\/\/univinte.edu.br\/portal\/category\/noticia\/\" rel=\"category tag\">Not\u00edcias<\/a>","rttpg_excerpt":"A defici\u00eancia visual \u00e9 uma doen\u00e7a que atinge cerca de 20.000 habitantes de SC (IBGE 2010), apesar disso a nossa sociedade ainda n\u00e3o est\u00e1 pronta totalmente para atend\u00ea-los em suas necessidades, tanto nas ruas quanto em pr\u00e9dios p\u00fablicos. Quando nos referimos a educa\u00e7\u00e3o, embora ainda encontrem obst\u00e1culos, muitos dos deficientes visuais ocupam cargos em diferentes&hellip;","_links":{"self":[{"href":"https:\/\/univinte.edu.br\/portal\/wp-json\/wp\/v2\/posts\/8894","targetHints":{"allow":["GET"]}}],"collection":[{"href":"https:\/\/univinte.edu.br\/portal\/wp-json\/wp\/v2\/posts"}],"about":[{"href":"https:\/\/univinte.edu.br\/portal\/wp-json\/wp\/v2\/types\/post"}],"author":[{"embeddable":true,"href":"https:\/\/univinte.edu.br\/portal\/wp-json\/wp\/v2\/users\/1"}],"replies":[{"embeddable":true,"href":"https:\/\/univinte.edu.br\/portal\/wp-json\/wp\/v2\/comments?post=8894"}],"version-history":[{"count":1,"href":"https:\/\/univinte.edu.br\/portal\/wp-json\/wp\/v2\/posts\/8894\/revisions"}],"predecessor-version":[{"id":8899,"href":"https:\/\/univinte.edu.br\/portal\/wp-json\/wp\/v2\/posts\/8894\/revisions\/8899"}],"wp:featuredmedia":[{"embeddable":true,"href":"https:\/\/univinte.edu.br\/portal\/wp-json\/wp\/v2\/media\/8898"}],"wp:attachment":[{"href":"https:\/\/univinte.edu.br\/portal\/wp-json\/wp\/v2\/media?parent=8894"}],"wp:term":[{"taxonomy":"category","embeddable":true,"href":"https:\/\/univinte.edu.br\/portal\/wp-json\/wp\/v2\/categories?post=8894"},{"taxonomy":"post_tag","embeddable":true,"href":"https:\/\/univinte.edu.br\/portal\/wp-json\/wp\/v2\/tags?post=8894"}],"curies":[{"name":"wp","href":"https:\/\/api.w.org\/{rel}","templated":true}]}}