{"id":8896,"date":"2022-05-18T14:04:16","date_gmt":"2022-05-18T17:04:16","guid":{"rendered":"http:\/\/univinte.edu.br\/portal\/index.php\/2022\/05\/18\/i-ciclode-palestras-cursodedireito\/"},"modified":"2022-05-18T14:04:16","modified_gmt":"2022-05-18T17:04:16","slug":"i-ciclode-palestras-cursodedireito","status":"publish","type":"post","link":"https:\/\/univinte.edu.br\/portal\/i-ciclode-palestras-cursodedireito\/","title":{"rendered":"I Ciclo de Palestras &#8211; Curso de Direito"},"content":{"rendered":"<p>&nbsp;<\/p>\n<p>Na \u00faltima ter\u00e7a-feira, dia 10 de\u00a0 Maio, aconteceu o I Ciclo de Palestras desenvolvido pelo Curso de Direito do Centro Universit\u00e1rio Univinte, o qual visava, como parte do projeto extensionista, o desenvolvimento atrav\u00e9s de palestras dos mais de 407 alunos do curso, e marcando juntamente o retorno das aulas presenciais.<\/p>\n<p>O evento ocorreu no Teatro Parque Ambiental Encantos do Sul, e contou com a participa\u00e7\u00e3o de tr\u00eas palestrantes renomados, entre eles o Doutor em Direito pela PUC\/SP e Presidente da Comiss\u00e3o Especial do C\u00f3digo de Processo Civil da OAB Nacional, Pedro Miranda, o Promotor de Justi\u00e7a Guilherme Back Locks e a Procuradora Jur\u00eddica e professora de Direito Institucional Patr\u00edcia Uliano Effing, os quais, por sequencia, ministraram os temas: Impactos dos pressentes no Sistema de Justi\u00e7a, O impacto da nova Lei de Improbidade Administrativa nas a\u00e7\u00f5es e investiga\u00e7\u00f5es em curso e Trajet\u00f3ria Profissional.<\/p>\n<p>Ainda nessa noite, em prol da obten\u00e7\u00e3o de agasalhos para as fam\u00edlias que sofreram com as recentes enchentes na regi\u00e3o, foi colocado um posto no evento para doa\u00e7\u00f5es.<\/p>\n<p>Foi uma noite de muito aprendizado, a qual possibilitou uma transfer\u00eancia de conhecimento favor\u00e1vel ao crescimento de nossos alunos como profissionais.<\/p>\n<p>Aproveitando, gostar\u00edamos de deixar nossos sinceros agradecimentos a todos que se fizeram presentes e tornaram essa noite ainda mais \u00fanica.<\/p>\n","protected":false},"excerpt":{"rendered":"<p>&nbsp; Na \u00faltima ter\u00e7a-feira, dia 10 de\u00a0 Maio, aconteceu o I Ciclo de Palestras desenvolvido pelo Curso de Direito do Centro Universit\u00e1rio Univinte, o qual visava, como parte do projeto extensionista, o desenvolvimento atrav\u00e9s de palestras dos mais de 407 alunos do curso, e marcando juntamente o retorno das aulas presenciais. O evento ocorreu no [&hellip;]<\/p>\n","protected":false},"author":1,"featured_media":6669,"comment_status":"closed","ping_status":"open","sticky":false,"template":"","format":"standard","meta":{"site-sidebar-layout":"default","site-content-layout":"","ast-site-content-layout":"default","site-content-style":"default","site-sidebar-style":"default","ast-global-header-display":"","ast-banner-title-visibility":"","ast-main-header-display":"","ast-hfb-above-header-display":"","ast-hfb-below-header-display":"","ast-hfb-mobile-header-display":"","site-post-title":"","ast-breadcrumbs-content":"","ast-featured-img":"","footer-sml-layout":"","ast-disable-related-posts":"","theme-transparent-header-meta":"","adv-header-id-meta":"","stick-header-meta":"","header-above-stick-meta":"","header-main-stick-meta":"","header-below-stick-meta":"","astra-migrate-meta-layouts":"default","ast-page-background-enabled":"default","ast-page-background-meta":{"desktop":{"background-color":"var(--ast-global-color-4)","background-image":"","background-repeat":"repeat","background-position":"center center","background-size":"auto","background-attachment":"scroll","background-type":"","background-media":"","overlay-type":"","overlay-color":"","overlay-opacity":"","overlay-gradient":""},"tablet":{"background-color":"","background-image":"","background-repeat":"repeat","background-position":"center center","background-size":"auto","background-attachment":"scroll","background-type":"","background-media":"","overlay-type":"","overlay-color":"","overlay-opacity":"","overlay-gradient":""},"mobile":{"background-color":"","background-image":"","background-repeat":"repeat","background-position":"center center","background-size":"auto","background-attachment":"scroll","background-type":"","background-media":"","overlay-type":"","overlay-color":"","overlay-opacity":"","overlay-gradient":""}},"ast-content-background-meta":{"desktop":{"background-color":"var(--ast-global-color-5)","background-image":"","background-repeat":"repeat","background-position":"center center","background-size":"auto","background-attachment":"scroll","background-type":"","background-media":"","overlay-type":"","overlay-color":"","overlay-opacity":"","overlay-gradient":""},"tablet":{"background-color":"var(--ast-global-color-5)","background-image":"","background-repeat":"repeat","background-position":"center center","background-size":"auto","background-attachment":"scroll","background-type":"","background-media":"","overlay-type":"","overlay-color":"","overlay-opacity":"","overlay-gradient":""},"mobile":{"background-color":"var(--ast-global-color-5)","background-image":"","background-repeat":"repeat","background-position":"center center","background-size":"auto","background-attachment":"scroll","background-type":"","background-media":"","overlay-type":"","overlay-color":"","overlay-opacity":"","overlay-gradient":""}},"ngg_post_thumbnail":0,"footnotes":""},"categories":[5],"tags":[38,226,67,9,24,227,228,155,229,230,231,13],"class_list":["post-8896","post","type-post","status-publish","format-standard","has-post-thumbnail","hentry","category-noticia","tag-direito","tag-direito-civil","tag-ensino","tag-fucap","tag-graduacao","tag-juridica","tag-lei","tag-oab","tag-oab-nacional","tag-palestras","tag-parqueambiental","tag-univinte"],"rttpg_featured_image_url":{"full":["https:\/\/univinte.edu.br\/portal\/wp-content\/uploads\/2019\/09\/WhatsApp-Image-2019-09-11-at-18.21.59-3-1.jpeg",1024,768,false],"landscape":["https:\/\/univinte.edu.br\/portal\/wp-content\/uploads\/2019\/09\/WhatsApp-Image-2019-09-11-at-18.21.59-3-1.jpeg",1024,768,false],"portraits":["https:\/\/univinte.edu.br\/portal\/wp-content\/uploads\/2019\/09\/WhatsApp-Image-2019-09-11-at-18.21.59-3-1.jpeg",1024,768,false],"thumbnail":["https:\/\/univinte.edu.br\/portal\/wp-content\/uploads\/2019\/09\/WhatsApp-Image-2019-09-11-at-18.21.59-3-1-150x150.jpeg",150,150,true],"medium":["https:\/\/univinte.edu.br\/portal\/wp-content\/uploads\/2019\/09\/WhatsApp-Image-2019-09-11-at-18.21.59-3-1-300x225.jpeg",300,225,true],"large":["https:\/\/univinte.edu.br\/portal\/wp-content\/uploads\/2019\/09\/WhatsApp-Image-2019-09-11-at-18.21.59-3-1.jpeg",1024,768,false],"1536x1536":["https:\/\/univinte.edu.br\/portal\/wp-content\/uploads\/2019\/09\/WhatsApp-Image-2019-09-11-at-18.21.59-3-1.jpeg",1024,768,false],"2048x2048":["https:\/\/univinte.edu.br\/portal\/wp-content\/uploads\/2019\/09\/WhatsApp-Image-2019-09-11-at-18.21.59-3-1.jpeg",1024,768,false]},"rttpg_author":{"display_name":"contato","author_link":"https:\/\/univinte.edu.br\/portal\/author\/contato\/"},"rttpg_comment":0,"rttpg_category":"<a href=\"https:\/\/univinte.edu.br\/portal\/category\/noticia\/\" rel=\"category tag\">Not\u00edcias<\/a>","rttpg_excerpt":"&nbsp; Na \u00faltima ter\u00e7a-feira, dia 10 de\u00a0 Maio, aconteceu o I Ciclo de Palestras desenvolvido pelo Curso de Direito do Centro Universit\u00e1rio Univinte, o qual visava, como parte do projeto extensionista, o desenvolvimento atrav\u00e9s de palestras dos mais de 407 alunos do curso, e marcando juntamente o retorno das aulas presenciais. O evento ocorreu no&hellip;","_links":{"self":[{"href":"https:\/\/univinte.edu.br\/portal\/wp-json\/wp\/v2\/posts\/8896","targetHints":{"allow":["GET"]}}],"collection":[{"href":"https:\/\/univinte.edu.br\/portal\/wp-json\/wp\/v2\/posts"}],"about":[{"href":"https:\/\/univinte.edu.br\/portal\/wp-json\/wp\/v2\/types\/post"}],"author":[{"embeddable":true,"href":"https:\/\/univinte.edu.br\/portal\/wp-json\/wp\/v2\/users\/1"}],"replies":[{"embeddable":true,"href":"https:\/\/univinte.edu.br\/portal\/wp-json\/wp\/v2\/comments?post=8896"}],"version-history":[{"count":0,"href":"https:\/\/univinte.edu.br\/portal\/wp-json\/wp\/v2\/posts\/8896\/revisions"}],"wp:featuredmedia":[{"embeddable":true,"href":"https:\/\/univinte.edu.br\/portal\/wp-json\/wp\/v2\/media\/6669"}],"wp:attachment":[{"href":"https:\/\/univinte.edu.br\/portal\/wp-json\/wp\/v2\/media?parent=8896"}],"wp:term":[{"taxonomy":"category","embeddable":true,"href":"https:\/\/univinte.edu.br\/portal\/wp-json\/wp\/v2\/categories?post=8896"},{"taxonomy":"post_tag","embeddable":true,"href":"https:\/\/univinte.edu.br\/portal\/wp-json\/wp\/v2\/tags?post=8896"}],"curies":[{"name":"wp","href":"https:\/\/api.w.org\/{rel}","templated":true}]}}