{"id":8897,"date":"2022-05-18T14:50:59","date_gmt":"2022-05-18T17:50:59","guid":{"rendered":"http:\/\/univinte.edu.br\/portal\/index.php\/2022\/05\/18\/iii-sabado-d-direito-enfermagem-e-odontologia\/"},"modified":"2022-05-18T14:50:59","modified_gmt":"2022-05-18T17:50:59","slug":"iii-sabado-d-direito-enfermagem-e-odontologia","status":"publish","type":"post","link":"https:\/\/univinte.edu.br\/portal\/iii-sabado-d-direito-enfermagem-e-odontologia\/","title":{"rendered":"III S\u00c1BADO D &#8211; Direito, Enfermagem e Odontologia"},"content":{"rendered":"<p>&nbsp;<\/p>\n<p>No \u00faltimo s\u00e1bado, dia 14 de Maio de 2022, o Curso de Direito juntamente com os Cursos de Enfermagem e Odontologia do Centro Universit\u00e1rio Univinte, realizaram a\u00e7\u00f5es pertinentes ao projeto extensionista no Parque Ambiental Encantos Sul.<\/p>\n<p>No dia em quest\u00e3o, as alunos puderam realizar atendimento a comunidade, com atividades condizentes as pr\u00e1ticas dentro das disciplinas vigentes dos cursos. Entre as a\u00e7\u00f5es desenvolvidas podemos citar o atendimento para o ingresso para a\u00e7\u00f5es de medicamento, haja vista o conv\u00eanio firmado entre a Institui\u00e7\u00e3o e a Justi\u00e7a Federal, procedimento de triagem com aferi\u00e7\u00e3o de temperatura e press\u00e3o, teste de diabetes e avalia\u00e7\u00e3o bucal.<\/p>\n<p>Incentivar o estudo com trabalhos na pr\u00e1tica \u00e9 garantir\u00a0 um preparativo profissional para o mercado de trabalho, de forma que o mesmo se diferencie, e garanta que todo conhecimento desenvolvido por hora te\u00f3rico seja demostrado na realidade.<\/p>\n<p>Projetos extensionistas como esse fazem parte de uma institui\u00e7\u00e3o, que como a Univinte, busca formar pessoas respons\u00e1vel, dedicados e de confian\u00e7a!<\/p>\n<p>&nbsp;<\/p>\n<p>&nbsp;<\/p>\n","protected":false},"excerpt":{"rendered":"<p>&nbsp; No \u00faltimo s\u00e1bado, dia 14 de Maio de 2022, o Curso de Direito juntamente com os Cursos de Enfermagem e Odontologia do Centro Universit\u00e1rio Univinte, realizaram a\u00e7\u00f5es pertinentes ao projeto extensionista no Parque Ambiental Encantos Sul. No dia em quest\u00e3o, as alunos puderam realizar atendimento a comunidade, com atividades condizentes as pr\u00e1ticas dentro das [&hellip;]<\/p>\n","protected":false},"author":1,"featured_media":6679,"comment_status":"closed","ping_status":"open","sticky":false,"template":"","format":"standard","meta":{"site-sidebar-layout":"default","site-content-layout":"","ast-site-content-layout":"default","site-content-style":"default","site-sidebar-style":"default","ast-global-header-display":"","ast-banner-title-visibility":"","ast-main-header-display":"","ast-hfb-above-header-display":"","ast-hfb-below-header-display":"","ast-hfb-mobile-header-display":"","site-post-title":"","ast-breadcrumbs-content":"","ast-featured-img":"","footer-sml-layout":"","ast-disable-related-posts":"","theme-transparent-header-meta":"","adv-header-id-meta":"","stick-header-meta":"","header-above-stick-meta":"","header-main-stick-meta":"","header-below-stick-meta":"","astra-migrate-meta-layouts":"default","ast-page-background-enabled":"default","ast-page-background-meta":{"desktop":{"background-color":"var(--ast-global-color-4)","background-image":"","background-repeat":"repeat","background-position":"center center","background-size":"auto","background-attachment":"scroll","background-type":"","background-media":"","overlay-type":"","overlay-color":"","overlay-opacity":"","overlay-gradient":""},"tablet":{"background-color":"","background-image":"","background-repeat":"repeat","background-position":"center center","background-size":"auto","background-attachment":"scroll","background-type":"","background-media":"","overlay-type":"","overlay-color":"","overlay-opacity":"","overlay-gradient":""},"mobile":{"background-color":"","background-image":"","background-repeat":"repeat","background-position":"center center","background-size":"auto","background-attachment":"scroll","background-type":"","background-media":"","overlay-type":"","overlay-color":"","overlay-opacity":"","overlay-gradient":""}},"ast-content-background-meta":{"desktop":{"background-color":"var(--ast-global-color-5)","background-image":"","background-repeat":"repeat","background-position":"center center","background-size":"auto","background-attachment":"scroll","background-type":"","background-media":"","overlay-type":"","overlay-color":"","overlay-opacity":"","overlay-gradient":""},"tablet":{"background-color":"var(--ast-global-color-5)","background-image":"","background-repeat":"repeat","background-position":"center center","background-size":"auto","background-attachment":"scroll","background-type":"","background-media":"","overlay-type":"","overlay-color":"","overlay-opacity":"","overlay-gradient":""},"mobile":{"background-color":"var(--ast-global-color-5)","background-image":"","background-repeat":"repeat","background-position":"center center","background-size":"auto","background-attachment":"scroll","background-type":"","background-media":"","overlay-type":"","overlay-color":"","overlay-opacity":"","overlay-gradient":""}},"ngg_post_thumbnail":0,"footnotes":""},"categories":[5],"tags":[232,233,181,234,93,38,204,213,9,24,163,235,13],"class_list":["post-8897","post","type-post","status-publish","format-standard","has-post-thumbnail","hentry","category-noticia","tag-aprqueambiental","tag-atendimento","tag-capivari-de-baixo","tag-comunidade","tag-cursos","tag-direito","tag-enfermagem","tag-extensao","tag-fucap","tag-graduacao","tag-odontologia","tag-triagem","tag-univinte"],"rttpg_featured_image_url":null,"rttpg_author":{"display_name":"contato","author_link":"https:\/\/univinte.edu.br\/portal\/author\/contato\/"},"rttpg_comment":0,"rttpg_category":"<a href=\"https:\/\/univinte.edu.br\/portal\/category\/noticia\/\" rel=\"category tag\">Not\u00edcias<\/a>","rttpg_excerpt":"&nbsp; No \u00faltimo s\u00e1bado, dia 14 de Maio de 2022, o Curso de Direito juntamente com os Cursos de Enfermagem e Odontologia do Centro Universit\u00e1rio Univinte, realizaram a\u00e7\u00f5es pertinentes ao projeto extensionista no Parque Ambiental Encantos Sul. No dia em quest\u00e3o, as alunos puderam realizar atendimento a comunidade, com atividades condizentes as pr\u00e1ticas dentro das&hellip;","_links":{"self":[{"href":"https:\/\/univinte.edu.br\/portal\/wp-json\/wp\/v2\/posts\/8897","targetHints":{"allow":["GET"]}}],"collection":[{"href":"https:\/\/univinte.edu.br\/portal\/wp-json\/wp\/v2\/posts"}],"about":[{"href":"https:\/\/univinte.edu.br\/portal\/wp-json\/wp\/v2\/types\/post"}],"author":[{"embeddable":true,"href":"https:\/\/univinte.edu.br\/portal\/wp-json\/wp\/v2\/users\/1"}],"replies":[{"embeddable":true,"href":"https:\/\/univinte.edu.br\/portal\/wp-json\/wp\/v2\/comments?post=8897"}],"version-history":[{"count":0,"href":"https:\/\/univinte.edu.br\/portal\/wp-json\/wp\/v2\/posts\/8897\/revisions"}],"wp:featuredmedia":[{"embeddable":true,"href":"https:\/\/univinte.edu.br\/portal\/wp-json\/wp\/v2\/posts\/6679"}],"wp:attachment":[{"href":"https:\/\/univinte.edu.br\/portal\/wp-json\/wp\/v2\/media?parent=8897"}],"wp:term":[{"taxonomy":"category","embeddable":true,"href":"https:\/\/univinte.edu.br\/portal\/wp-json\/wp\/v2\/categories?post=8897"},{"taxonomy":"post_tag","embeddable":true,"href":"https:\/\/univinte.edu.br\/portal\/wp-json\/wp\/v2\/tags?post=8897"}],"curies":[{"name":"wp","href":"https:\/\/api.w.org\/{rel}","templated":true}]}}